{"id":940,"date":"2021-01-16T00:09:09","date_gmt":"2021-01-15T23:09:09","guid":{"rendered":"http:\/\/nowa.marcinolszewski.pl\/?p=940"},"modified":"2025-01-30T13:14:07","modified_gmt":"2025-01-30T12:14:07","slug":"sztuka-kreacji","status":"publish","type":"post","link":"https:\/\/marcinolszewski.pl\/index.php\/2021\/01\/16\/sztuka-kreacji\/","title":{"rendered":"Sztuka kreacji"},"content":{"rendered":"\n<figure class=\"wp-block-image size-full\"><img loading=\"lazy\" decoding=\"async\" width=\"503\" height=\"427\" src=\"http:\/\/marcinolszewski.pl\/wp-content\/uploads\/2025\/01\/Sztuka-1.jpg\" alt=\"\" class=\"wp-image-2571\" srcset=\"https:\/\/marcinolszewski.pl\/wp-content\/uploads\/2025\/01\/Sztuka-1.jpg 503w, https:\/\/marcinolszewski.pl\/wp-content\/uploads\/2025\/01\/Sztuka-1-300x255.jpg 300w\" sizes=\"(max-width: 503px) 100vw, 503px\" \/><\/figure>\n\n\n\n<p><\/p>\n\n\n\n<p class=\"has-text-align-center\">Mam to, czego nie mam<br>Jestem tam, gdzie mnie nie ma<br>Wierzycie w to. Mam wasze powa\u017canie<br>Kompleks ni\u017cszo\u015bci?<\/p>\n\n\n\n<p class=\"has-text-align-center\">Pr\u00f3ba dowarto\u015bciowania<\/p>\n\n\n\n<p class=\"has-text-align-center\">Nie mog\u0119 by\u0107 sob\u0105. Szarym cz\u0142owiekiem<br>Nie mia\u0142bym w\u00f3wczas tylu polubie\u0144<br>Maska na twarzy. Sztuka trwa dalej<br>Jestem fajny. Tak z odleg\u0142o\u015bci<\/p>\n\n\n\n<p class=\"has-text-align-center\">Pomys\u0142 kreacji na teraz<\/p>\n\n\n\n<p class=\"has-text-align-center\">Bez spotka\u0144. Rozm\u00f3w. Kontrola dost\u0119pu<br>Mam swoje pi\u0119\u0107 minut w\u015br\u00f3d spo\u0142eczno\u015bci<br>Prawdziwa twarz. Przed lustrem. Dla siebie<\/p>\n\n\n\n<p class=\"has-text-align-center\">Po sztuce<\/p>\n\n\n\n<p class=\"has-text-align-center\">W garderobie rzeczywisto\u015bci<\/p>\n","protected":false},"excerpt":{"rendered":"<p>Mam to, czego nie mamJestem tam, gdzie mnie nie maWierzycie w to. Mam wasze powa\u017canieKompleks ni\u017cszo\u015bci? Pr\u00f3ba dowarto\u015bciowania Nie mog\u0119 by\u0107 sob\u0105. Szarym cz\u0142owiekiemNie mia\u0142bym w\u00f3wczas tylu polubie\u0144Maska na twarzy. Sztuka trwa dalejJestem fajny. Tak z odleg\u0142o\u015bci Pomys\u0142 kreacji na teraz Bez spotka\u0144. Rozm\u00f3w. Kontrola dost\u0119puMam swoje pi\u0119\u0107 minut w\u015br\u00f3d spo\u0142eczno\u015bciPrawdziwa twarz. Przed lustrem. Dla &hellip; <a href=\"https:\/\/marcinolszewski.pl\/index.php\/2021\/01\/16\/sztuka-kreacji\/\" class=\"more-link\">Czytaj dalej <span class=\"screen-reader-text\">Sztuka kreacji<\/span><\/a><\/p>\n","protected":false},"author":1,"featured_media":396,"comment_status":"closed","ping_status":"open","sticky":false,"template":"","format":"standard","meta":{"spay_email":"","footnotes":""},"categories":[4,26],"tags":[],"jetpack_featured_media_url":"https:\/\/marcinolszewski.pl\/wp-content\/uploads\/2021\/01\/13-sztuka-kreacji.jpg","_links":{"self":[{"href":"https:\/\/marcinolszewski.pl\/index.php\/wp-json\/wp\/v2\/posts\/940"}],"collection":[{"href":"https:\/\/marcinolszewski.pl\/index.php\/wp-json\/wp\/v2\/posts"}],"about":[{"href":"https:\/\/marcinolszewski.pl\/index.php\/wp-json\/wp\/v2\/types\/post"}],"author":[{"embeddable":true,"href":"https:\/\/marcinolszewski.pl\/index.php\/wp-json\/wp\/v2\/users\/1"}],"replies":[{"embeddable":true,"href":"https:\/\/marcinolszewski.pl\/index.php\/wp-json\/wp\/v2\/comments?post=940"}],"version-history":[{"count":2,"href":"https:\/\/marcinolszewski.pl\/index.php\/wp-json\/wp\/v2\/posts\/940\/revisions"}],"predecessor-version":[{"id":2572,"href":"https:\/\/marcinolszewski.pl\/index.php\/wp-json\/wp\/v2\/posts\/940\/revisions\/2572"}],"wp:featuredmedia":[{"embeddable":true,"href":"https:\/\/marcinolszewski.pl\/index.php\/wp-json\/wp\/v2\/media\/396"}],"wp:attachment":[{"href":"https:\/\/marcinolszewski.pl\/index.php\/wp-json\/wp\/v2\/media?parent=940"}],"wp:term":[{"taxonomy":"category","embeddable":true,"href":"https:\/\/marcinolszewski.pl\/index.php\/wp-json\/wp\/v2\/categories?post=940"},{"taxonomy":"post_tag","embeddable":true,"href":"https:\/\/marcinolszewski.pl\/index.php\/wp-json\/wp\/v2\/tags?post=940"}],"curies":[{"name":"wp","href":"https:\/\/api.w.org\/{rel}","templated":true}]}}