{"id":902,"date":"2021-01-15T23:38:10","date_gmt":"2021-01-15T22:38:10","guid":{"rendered":"http:\/\/nowa.marcinolszewski.pl\/?p=902"},"modified":"2025-01-30T12:42:44","modified_gmt":"2025-01-30T11:42:44","slug":"rozmowa","status":"publish","type":"post","link":"https:\/\/marcinolszewski.pl\/index.php\/2021\/01\/15\/rozmowa\/","title":{"rendered":"Rozmowa"},"content":{"rendered":"\n<figure class=\"wp-block-image size-full\"><img loading=\"lazy\" decoding=\"async\" width=\"813\" height=\"540\" src=\"http:\/\/marcinolszewski.pl\/wp-content\/uploads\/2025\/01\/Rozmowa.jpg\" alt=\"\" class=\"wp-image-2530\" srcset=\"https:\/\/marcinolszewski.pl\/wp-content\/uploads\/2025\/01\/Rozmowa.jpg 813w, https:\/\/marcinolszewski.pl\/wp-content\/uploads\/2025\/01\/Rozmowa-300x199.jpg 300w, https:\/\/marcinolszewski.pl\/wp-content\/uploads\/2025\/01\/Rozmowa-768x510.jpg 768w\" sizes=\"(max-width: 813px) 100vw, 813px\" \/><\/figure>\n\n\n\n<p><\/p>\n\n\n\n<p class=\"has-text-align-center\">Jak niewiele nam potrzeba<br>Zwyk\u0142y st\u00f3\u0142, kawa. Oczy i usta<br>\u015awiat odkrywany, s\u0142owem za s\u0142owem<br>Kilka lat, a jak by to by\u0142o wczoraj<\/p>\n\n\n\n<p class=\"has-text-align-center\">Ruchy ust, wsp\u00f3lny \u015bmiech i tre\u015b\u0107<br>Zrozumienie na tych samych falach<br>Zegar poza lini\u0105 wzroku. Bez chwili<br>Bo chwile s\u0105 tu i teraz. Pomi\u0119dzy nami<\/p>\n\n\n\n<p class=\"has-text-align-center\">Nie ma sto\u0142u, nie ma kawy. Nie ma czasu<br>Jeste\u015bmy tylko my. Twarze w zapomnieniu<br>Rozmowy budz\u0105cej lata wspomnie\u0144<br>Nieko\u0144cz\u0105ca si\u0119 chwila mocnych dozna\u0144<\/p>\n\n\n\n<p class=\"has-text-align-center\">Z ruchu warg, ze \u015bmiechu na klawisze<br>Dotyku palc\u00f3w zamieniaj\u0105cych s\u0142owa<br>W najpi\u0119kniejsz\u0105 mi\u0119dzy nami rzecz<br>Bez wzgl\u0119du na odleg\u0142o\u015b\u0107. Rozmow\u0119<\/p>\n","protected":false},"excerpt":{"rendered":"<p>Jak niewiele nam potrzebaZwyk\u0142y st\u00f3\u0142, kawa. Oczy i usta\u015awiat odkrywany, s\u0142owem za s\u0142owemKilka lat, a jak by to by\u0142o wczoraj Ruchy ust, wsp\u00f3lny \u015bmiech i tre\u015b\u0107Zrozumienie na tych samych falachZegar poza lini\u0105 wzroku. Bez chwiliBo chwile s\u0105 tu i teraz. Pomi\u0119dzy nami Nie ma sto\u0142u, nie ma kawy. Nie ma czasuJeste\u015bmy tylko my. Twarze w &hellip; <a href=\"https:\/\/marcinolszewski.pl\/index.php\/2021\/01\/15\/rozmowa\/\" class=\"more-link\">Czytaj dalej <span class=\"screen-reader-text\">Rozmowa<\/span><\/a><\/p>\n","protected":false},"author":1,"featured_media":0,"comment_status":"closed","ping_status":"open","sticky":false,"template":"","format":"standard","meta":{"spay_email":"","footnotes":""},"categories":[4,25],"tags":[],"jetpack_featured_media_url":"","_links":{"self":[{"href":"https:\/\/marcinolszewski.pl\/index.php\/wp-json\/wp\/v2\/posts\/902"}],"collection":[{"href":"https:\/\/marcinolszewski.pl\/index.php\/wp-json\/wp\/v2\/posts"}],"about":[{"href":"https:\/\/marcinolszewski.pl\/index.php\/wp-json\/wp\/v2\/types\/post"}],"author":[{"embeddable":true,"href":"https:\/\/marcinolszewski.pl\/index.php\/wp-json\/wp\/v2\/users\/1"}],"replies":[{"embeddable":true,"href":"https:\/\/marcinolszewski.pl\/index.php\/wp-json\/wp\/v2\/comments?post=902"}],"version-history":[{"count":2,"href":"https:\/\/marcinolszewski.pl\/index.php\/wp-json\/wp\/v2\/posts\/902\/revisions"}],"predecessor-version":[{"id":2531,"href":"https:\/\/marcinolszewski.pl\/index.php\/wp-json\/wp\/v2\/posts\/902\/revisions\/2531"}],"wp:attachment":[{"href":"https:\/\/marcinolszewski.pl\/index.php\/wp-json\/wp\/v2\/media?parent=902"}],"wp:term":[{"taxonomy":"category","embeddable":true,"href":"https:\/\/marcinolszewski.pl\/index.php\/wp-json\/wp\/v2\/categories?post=902"},{"taxonomy":"post_tag","embeddable":true,"href":"https:\/\/marcinolszewski.pl\/index.php\/wp-json\/wp\/v2\/tags?post=902"}],"curies":[{"name":"wp","href":"https:\/\/api.w.org\/{rel}","templated":true}]}}