{"id":800,"date":"2021-01-15T22:15:57","date_gmt":"2021-01-15T21:15:57","guid":{"rendered":"http:\/\/nowa.marcinolszewski.pl\/?p=800"},"modified":"2025-01-30T12:00:23","modified_gmt":"2025-01-30T11:00:23","slug":"persona-non-grata","status":"publish","type":"post","link":"https:\/\/marcinolszewski.pl\/index.php\/2021\/01\/15\/persona-non-grata\/","title":{"rendered":"Persona non grata"},"content":{"rendered":"\n<figure class=\"wp-block-image size-full\"><img loading=\"lazy\" decoding=\"async\" width=\"427\" height=\"640\" src=\"http:\/\/marcinolszewski.pl\/wp-content\/uploads\/2025\/01\/Persona.jpg\" alt=\"\" class=\"wp-image-2465\" srcset=\"https:\/\/marcinolszewski.pl\/wp-content\/uploads\/2025\/01\/Persona.jpg 427w, https:\/\/marcinolszewski.pl\/wp-content\/uploads\/2025\/01\/Persona-200x300.jpg 200w\" sizes=\"(max-width: 427px) 100vw, 427px\" \/><\/figure>\n\n\n\n<p><\/p>\n\n\n\n<p class=\"has-text-align-center\">Wra\u017cliwo\u015b\u0107 na \u017cycie po mamie i tacie<br>Mam swoj\u0105 prywatno\u015b\u0107. Uszanuj j\u0105 prosz\u0119<br>Gdy jednak z butami wchodzisz. Pami\u0119taj<br>Nie jeste\u015b tu mile widzianym cz\u0142owiekiem<\/p>\n\n\n\n<p class=\"has-text-align-center\">Nie jestem ciekawy \u017cycia innych<br>Mam swoj\u0105 granic\u0119. Za ni\u0105 rodzina<br>Zawsze serdeczny, ciep\u0142y, radosny<br>Dop\u00f3ki nie przekraczasz granicy<\/p>\n\n\n\n<p class=\"has-text-align-center\">Nie wchod\u017a w prywatno\u015b\u0107, nie zaproszony<br>Wchodz\u0105c, naruszasz moje terytorium<br>Nie uw\u0142aczaj\u0105c niczyjej godno\u015bci<br>Chc\u0119 tego samego, wzgl\u0119dem mojej osoby<\/p>\n\n\n\n<p class=\"has-text-align-center\">Je\u017celi za nic masz moje granice<br>Uznaj\u0105c i\u017c wejdziesz, gdy masz ochot\u0119<br>Nie mam szacunku i uaktywniam<br>Wra\u017cliwo\u015b\u0107 na \u017cycie po mamie i tacie<\/p>\n","protected":false},"excerpt":{"rendered":"<p>Wra\u017cliwo\u015b\u0107 na \u017cycie po mamie i tacieMam swoj\u0105 prywatno\u015b\u0107. Uszanuj j\u0105 prosz\u0119Gdy jednak z butami wchodzisz. Pami\u0119tajNie jeste\u015b tu mile widzianym cz\u0142owiekiem Nie jestem ciekawy \u017cycia innychMam swoj\u0105 granic\u0119. Za ni\u0105 rodzinaZawsze serdeczny, ciep\u0142y, radosnyDop\u00f3ki nie przekraczasz granicy Nie wchod\u017a w prywatno\u015b\u0107, nie zaproszonyWchodz\u0105c, naruszasz moje terytoriumNie uw\u0142aczaj\u0105c niczyjej godno\u015bciChc\u0119 tego samego, wzgl\u0119dem mojej osoby &hellip; <a href=\"https:\/\/marcinolszewski.pl\/index.php\/2021\/01\/15\/persona-non-grata\/\" class=\"more-link\">Czytaj dalej <span class=\"screen-reader-text\">Persona non grata<\/span><\/a><\/p>\n","protected":false},"author":1,"featured_media":0,"comment_status":"closed","ping_status":"open","sticky":false,"template":"","format":"standard","meta":{"spay_email":"","footnotes":""},"categories":[4,22],"tags":[],"jetpack_featured_media_url":"","_links":{"self":[{"href":"https:\/\/marcinolszewski.pl\/index.php\/wp-json\/wp\/v2\/posts\/800"}],"collection":[{"href":"https:\/\/marcinolszewski.pl\/index.php\/wp-json\/wp\/v2\/posts"}],"about":[{"href":"https:\/\/marcinolszewski.pl\/index.php\/wp-json\/wp\/v2\/types\/post"}],"author":[{"embeddable":true,"href":"https:\/\/marcinolszewski.pl\/index.php\/wp-json\/wp\/v2\/users\/1"}],"replies":[{"embeddable":true,"href":"https:\/\/marcinolszewski.pl\/index.php\/wp-json\/wp\/v2\/comments?post=800"}],"version-history":[{"count":2,"href":"https:\/\/marcinolszewski.pl\/index.php\/wp-json\/wp\/v2\/posts\/800\/revisions"}],"predecessor-version":[{"id":2466,"href":"https:\/\/marcinolszewski.pl\/index.php\/wp-json\/wp\/v2\/posts\/800\/revisions\/2466"}],"wp:attachment":[{"href":"https:\/\/marcinolszewski.pl\/index.php\/wp-json\/wp\/v2\/media?parent=800"}],"wp:term":[{"taxonomy":"category","embeddable":true,"href":"https:\/\/marcinolszewski.pl\/index.php\/wp-json\/wp\/v2\/categories?post=800"},{"taxonomy":"post_tag","embeddable":true,"href":"https:\/\/marcinolszewski.pl\/index.php\/wp-json\/wp\/v2\/tags?post=800"}],"curies":[{"name":"wp","href":"https:\/\/api.w.org\/{rel}","templated":true}]}}