{"id":693,"date":"2021-01-15T14:28:25","date_gmt":"2021-01-15T13:28:25","guid":{"rendered":"http:\/\/nowa.marcinolszewski.pl\/?p=693"},"modified":"2025-01-29T19:32:56","modified_gmt":"2025-01-29T18:32:56","slug":"nie-spojrze","status":"publish","type":"post","link":"https:\/\/marcinolszewski.pl\/index.php\/2021\/01\/15\/nie-spojrze\/","title":{"rendered":"Nie spojrz\u0119"},"content":{"rendered":"\n<figure class=\"wp-block-image size-full\"><img loading=\"lazy\" decoding=\"async\" width=\"336\" height=\"448\" src=\"https:\/\/marcinolszewski.pl\/wp-content\/uploads\/2025\/01\/Nie-spojrze.jpg\" alt=\"\" class=\"wp-image-2415\" srcset=\"https:\/\/marcinolszewski.pl\/wp-content\/uploads\/2025\/01\/Nie-spojrze.jpg 336w, https:\/\/marcinolszewski.pl\/wp-content\/uploads\/2025\/01\/Nie-spojrze-225x300.jpg 225w\" sizes=\"(max-width: 336px) 100vw, 336px\" \/><\/figure>\n\n\n\n<p><\/p>\n\n\n\n<p>Odwracam wzrok, gdy m\u00f3wisz<br>Nie jestem w stanie utrzyma\u0107 go<br>Na swej Twarzy, bez emocji<br>Komunikatu ku duszy \u2026.<\/p>\n\n\n\n<p>Twoja Twarz, nie zwracam uwagi<br>Na to, o czym rozmawiam<br>Przyzwyczajam si\u0119 \u017ce musz\u0119<br>Bo oszalej\u0119<\/p>\n\n\n\n<p>Poprawiasz w\u0142osy Teraz?<br>Czy dlatego \u017ce Teraz?<br>Napi\u0119cie mi\u0119\u015bni Twarzy<br>Rozlu\u017anienie, w odej\u015bciu<\/p>\n\n\n\n<p>Od zachwytu na Tw\u0105 sk\u00f3r\u0105<\/p>\n\n\n\n<p>Wiem ju\u017c, \u017ce nie spojrz\u0119<br>Tylko przez sekund\u0119<br>By odwr\u00f3ci\u0107 wzrok<br>Nie sp\u0142on\u0105\u0107 w ogniu Twarzy<\/p>\n\n\n\n<p>Twej Twarzy \u2026.<\/p>\n","protected":false},"excerpt":{"rendered":"<p>Odwracam wzrok, gdy m\u00f3wiszNie jestem w stanie utrzyma\u0107 goNa swej Twarzy, bez emocjiKomunikatu ku duszy \u2026. Twoja Twarz, nie zwracam uwagiNa to, o czym rozmawiamPrzyzwyczajam si\u0119 \u017ce musz\u0119Bo oszalej\u0119 Poprawiasz w\u0142osy Teraz?Czy dlatego \u017ce Teraz?Napi\u0119cie mi\u0119\u015bni TwarzyRozlu\u017anienie, w odej\u015bciu Od zachwytu na Tw\u0105 sk\u00f3r\u0105 Wiem ju\u017c, \u017ce nie spojrz\u0119Tylko przez sekund\u0119By odwr\u00f3ci\u0107 wzrokNie sp\u0142on\u0105\u0107 w &hellip; <a href=\"https:\/\/marcinolszewski.pl\/index.php\/2021\/01\/15\/nie-spojrze\/\" class=\"more-link\">Czytaj dalej <span class=\"screen-reader-text\">Nie spojrz\u0119<\/span><\/a><\/p>\n","protected":false},"author":1,"featured_media":409,"comment_status":"closed","ping_status":"open","sticky":false,"template":"","format":"standard","meta":{"spay_email":"","footnotes":""},"categories":[4,19],"tags":[],"jetpack_featured_media_url":"https:\/\/marcinolszewski.pl\/wp-content\/uploads\/2021\/01\/20-Nie-spojrze.jpg","_links":{"self":[{"href":"https:\/\/marcinolszewski.pl\/index.php\/wp-json\/wp\/v2\/posts\/693"}],"collection":[{"href":"https:\/\/marcinolszewski.pl\/index.php\/wp-json\/wp\/v2\/posts"}],"about":[{"href":"https:\/\/marcinolszewski.pl\/index.php\/wp-json\/wp\/v2\/types\/post"}],"author":[{"embeddable":true,"href":"https:\/\/marcinolszewski.pl\/index.php\/wp-json\/wp\/v2\/users\/1"}],"replies":[{"embeddable":true,"href":"https:\/\/marcinolszewski.pl\/index.php\/wp-json\/wp\/v2\/comments?post=693"}],"version-history":[{"count":2,"href":"https:\/\/marcinolszewski.pl\/index.php\/wp-json\/wp\/v2\/posts\/693\/revisions"}],"predecessor-version":[{"id":2416,"href":"https:\/\/marcinolszewski.pl\/index.php\/wp-json\/wp\/v2\/posts\/693\/revisions\/2416"}],"wp:featuredmedia":[{"embeddable":true,"href":"https:\/\/marcinolszewski.pl\/index.php\/wp-json\/wp\/v2\/media\/409"}],"wp:attachment":[{"href":"https:\/\/marcinolszewski.pl\/index.php\/wp-json\/wp\/v2\/media?parent=693"}],"wp:term":[{"taxonomy":"category","embeddable":true,"href":"https:\/\/marcinolszewski.pl\/index.php\/wp-json\/wp\/v2\/categories?post=693"},{"taxonomy":"post_tag","embeddable":true,"href":"https:\/\/marcinolszewski.pl\/index.php\/wp-json\/wp\/v2\/tags?post=693"}],"curies":[{"name":"wp","href":"https:\/\/api.w.org\/{rel}","templated":true}]}}