{"id":691,"date":"2021-01-15T14:27:26","date_gmt":"2021-01-15T13:27:26","guid":{"rendered":"http:\/\/nowa.marcinolszewski.pl\/?p=691"},"modified":"2021-01-15T14:27:26","modified_gmt":"2021-01-15T13:27:26","slug":"pierwsza-komunia","status":"publish","type":"post","link":"https:\/\/marcinolszewski.pl\/index.php\/2021\/01\/15\/pierwsza-komunia\/","title":{"rendered":"Pierwsza komunia"},"content":{"rendered":"\n<p>Pierwsze spotkanie w domu parafialnym<br>Czekamy, warto om\u00f3wi\u0107 istotne sprawy<br>Zmiana sytuacji, dotarcie do dusz<br>\u201eStan frekwencji na mszy, analiza<br>W stosunku do liczby klas, co robi\u0105 rodzice?\u201d<\/p>\n\n\n\n<p>M\u00f3wimy o Bogu faktycznie, czy ekonomii?<br>Kto chodzi, jego warto\u015b\u0107 kto nie<br>Jego wola, sumienie<\/p>\n\n\n\n<p>Tylko co z komuni\u0105 \u015bwi\u0119t\u0105?<\/p>\n\n\n\n<p>\u201eCz\u0119\u015b\u0107 z was nie ucz\u0119szcza, po zatem komunia?<br>Wielkanoc, Bo\u017ce Narodzenie, jako tradycje?\u201d<br>Mo\u017cna zepsu\u0107 nastr\u00f3j wierz\u0105cym co przyszli?<br>Mo\u017cna, szkoda jak czuj\u0105 si\u0119<\/p>\n\n\n\n<p>Jak niewierni, poganie<\/p>\n\n\n\n<p>Na koniec, niby nic o polityce<br>Ale jednak, bo w szkole by\u0142a zabawa w parlament<br>Wszyscy g\u0142osowali za inn\u0105 opcj\u0105<br>Tylko siostrzenic\u0119 ksi\u0119dza za odmienno\u015b\u0107<\/p>\n\n\n\n<p>Opcji, wygwizdali<\/p>\n\n\n\n<p>Pozostawmy relacj\u0119 mi\u0119dzy Bogiem a ludziom,<br>Nie budynkom, czy ludziom s\u0105dzi\u0107<br>W wiar\u0119, my\u015bl nasz\u0105<\/p>\n\n\n\n<p>Szkoda, \u017ce to mia\u0142o by\u0107 o komunii<\/p>\n\n\n\n<p>Z komuni\u0105 niewiele maj\u0105c wsp\u00f3lnego<\/p>\n","protected":false},"excerpt":{"rendered":"<p>Pierwsze spotkanie w domu parafialnymCzekamy, warto om\u00f3wi\u0107 istotne sprawyZmiana sytuacji, dotarcie do dusz\u201eStan frekwencji na mszy, analizaW stosunku do liczby klas, co robi\u0105 rodzice?\u201d M\u00f3wimy o Bogu faktycznie, czy ekonomii?Kto chodzi, jego warto\u015b\u0107 kto nieJego wola, sumienie Tylko co z komuni\u0105 \u015bwi\u0119t\u0105? \u201eCz\u0119\u015b\u0107 z was nie ucz\u0119szcza, po zatem komunia?Wielkanoc, Bo\u017ce Narodzenie, jako tradycje?\u201dMo\u017cna zepsu\u0107 &hellip; <a href=\"https:\/\/marcinolszewski.pl\/index.php\/2021\/01\/15\/pierwsza-komunia\/\" class=\"more-link\">Czytaj dalej <span class=\"screen-reader-text\">Pierwsza komunia<\/span><\/a><\/p>\n","protected":false},"author":1,"featured_media":407,"comment_status":"closed","ping_status":"open","sticky":false,"template":"","format":"standard","meta":{"spay_email":"","footnotes":""},"categories":[4,19],"tags":[],"jetpack_featured_media_url":"https:\/\/marcinolszewski.pl\/wp-content\/uploads\/2021\/01\/19-Komunia.jpg","_links":{"self":[{"href":"https:\/\/marcinolszewski.pl\/index.php\/wp-json\/wp\/v2\/posts\/691"}],"collection":[{"href":"https:\/\/marcinolszewski.pl\/index.php\/wp-json\/wp\/v2\/posts"}],"about":[{"href":"https:\/\/marcinolszewski.pl\/index.php\/wp-json\/wp\/v2\/types\/post"}],"author":[{"embeddable":true,"href":"https:\/\/marcinolszewski.pl\/index.php\/wp-json\/wp\/v2\/users\/1"}],"replies":[{"embeddable":true,"href":"https:\/\/marcinolszewski.pl\/index.php\/wp-json\/wp\/v2\/comments?post=691"}],"version-history":[{"count":1,"href":"https:\/\/marcinolszewski.pl\/index.php\/wp-json\/wp\/v2\/posts\/691\/revisions"}],"predecessor-version":[{"id":692,"href":"https:\/\/marcinolszewski.pl\/index.php\/wp-json\/wp\/v2\/posts\/691\/revisions\/692"}],"wp:featuredmedia":[{"embeddable":true,"href":"https:\/\/marcinolszewski.pl\/index.php\/wp-json\/wp\/v2\/media\/407"}],"wp:attachment":[{"href":"https:\/\/marcinolszewski.pl\/index.php\/wp-json\/wp\/v2\/media?parent=691"}],"wp:term":[{"taxonomy":"category","embeddable":true,"href":"https:\/\/marcinolszewski.pl\/index.php\/wp-json\/wp\/v2\/categories?post=691"},{"taxonomy":"post_tag","embeddable":true,"href":"https:\/\/marcinolszewski.pl\/index.php\/wp-json\/wp\/v2\/tags?post=691"}],"curies":[{"name":"wp","href":"https:\/\/api.w.org\/{rel}","templated":true}]}}