{"id":1774,"date":"2022-11-06T20:43:19","date_gmt":"2022-11-06T19:43:19","guid":{"rendered":"http:\/\/marcinolszewski.pl\/?p=1774"},"modified":"2022-11-06T20:51:09","modified_gmt":"2022-11-06T19:51:09","slug":"dlaczego-rycerze-kosciesze-nie-zabili-biskupa-magnusa-podczas-mszy-w-1143-roku-rodzinna-historia-z-duchownym-ktory-nie-istnial","status":"publish","type":"post","link":"https:\/\/marcinolszewski.pl\/index.php\/2022\/11\/06\/dlaczego-rycerze-kosciesze-nie-zabili-biskupa-magnusa-podczas-mszy-w-1143-roku-rodzinna-historia-z-duchownym-ktory-nie-istnial\/","title":{"rendered":"Dlaczego rycerze Ko\u015bciesze nie zabili biskupa Magnusa podczas mszy w 1143 roku? Rodzinna historia z duchownym kt\u00f3ry nie istnia\u0142."},"content":{"rendered":"\n<figure class=\"wp-block-image size-large\"><img loading=\"lazy\" decoding=\"async\" width=\"1024\" height=\"638\" src=\"http:\/\/marcinolszewski.pl\/wp-content\/uploads\/2022\/11\/Candles_Clock_Book_464506-1024x638.jpg\" alt=\"\" class=\"wp-image-1793\" srcset=\"https:\/\/marcinolszewski.pl\/wp-content\/uploads\/2022\/11\/Candles_Clock_Book_464506-1024x638.jpg 1024w, https:\/\/marcinolszewski.pl\/wp-content\/uploads\/2022\/11\/Candles_Clock_Book_464506-300x187.jpg 300w, https:\/\/marcinolszewski.pl\/wp-content\/uploads\/2022\/11\/Candles_Clock_Book_464506-768x478.jpg 768w, https:\/\/marcinolszewski.pl\/wp-content\/uploads\/2022\/11\/Candles_Clock_Book_464506.jpg 1280w\" sizes=\"(max-width: 1024px) 100vw, 1024px\" \/><\/figure>\n\n\n\n<p>W niekt\u00f3rych \u017ar\u00f3d\u0142ach zawarte s\u0105 zapisy i\u017c Ko\u015bciesze to r\u00f3d kt\u00f3rego przedstawiciele dawno temu zabili pod Nys\u0105 biskupa wroc\u0142awskiego Magnusa, na domiar z\u0142ego mieli zrobi\u0107 to w trakcie odprawianej przez niego mszy. Co do rzekomego faktu samego morderstwa, wspomina o tym r\u00f3wnie\u017c Jan D\u0142ugosz (1415-1480), polski historyk, kronikarz w swojej publikacji &#8222;Insignia seu clenodia Regis et Regni Poloniae&#8221; (Klejnoty D\u0142ugosza, koniec XV w.), najstarszym znanym opisie herb\u00f3w polskich (data powstania 1460-1480). Po\u015br\u00f3d 71 najstarszych herb\u00f3w polskich widnieje zapis odno\u015bnie herbu Ko\u015bciesza jako Strzegomia, cyt. &#8222;in campo rubeo sagittam albam, ad fines in duas partes retortam cruce circa retorsionem ornatam defert. Genus Polonicum quod autem episcopum Wratislauiensem, nomine Magnum, apud Nissam occidit; propter illud scelus multiplicacionem in suo germine non suscepit&#8221;. Poza opisem herbu jest wzmianka &#8222;r\u00f3d polski, kt\u00f3ry zabi\u0142 pod Nys\u0105 biskupa wroc\u0142awskiego imieniem Magnus; z powodu tej zbrodni z jego nasienia nie wysz\u0142o liczne potomstwo&#8221;. <\/p>\n\n\n\n<div class=\"wp-block-group\"><div class=\"wp-block-group__inner-container is-layout-constrained wp-block-group-is-layout-constrained\">\n<figure class=\"wp-block-image size-full\"><img loading=\"lazy\" decoding=\"async\" width=\"764\" height=\"974\" src=\"http:\/\/marcinolszewski.pl\/wp-content\/uploads\/2022\/11\/Dlugosz1.jpg\" alt=\"\" class=\"wp-image-1777\" srcset=\"https:\/\/marcinolszewski.pl\/wp-content\/uploads\/2022\/11\/Dlugosz1.jpg 764w, https:\/\/marcinolszewski.pl\/wp-content\/uploads\/2022\/11\/Dlugosz1-235x300.jpg 235w\" sizes=\"(max-width: 764px) 100vw, 764px\" \/><\/figure>\n\n\n\n<figure class=\"wp-block-image size-large\"><img loading=\"lazy\" decoding=\"async\" width=\"793\" height=\"1024\" src=\"http:\/\/marcinolszewski.pl\/wp-content\/uploads\/2022\/11\/Dlugosz2-793x1024.jpg\" alt=\"\" class=\"wp-image-1778\" srcset=\"https:\/\/marcinolszewski.pl\/wp-content\/uploads\/2022\/11\/Dlugosz2-793x1024.jpg 793w, https:\/\/marcinolszewski.pl\/wp-content\/uploads\/2022\/11\/Dlugosz2-232x300.jpg 232w, https:\/\/marcinolszewski.pl\/wp-content\/uploads\/2022\/11\/Dlugosz2-768x992.jpg 768w, https:\/\/marcinolszewski.pl\/wp-content\/uploads\/2022\/11\/Dlugosz2.jpg 812w\" sizes=\"(max-width: 793px) 100vw, 793px\" \/><\/figure>\n<\/div><\/div>\n\n\n\n<figure class=\"wp-block-image size-full\"><img loading=\"lazy\" decoding=\"async\" width=\"755\" height=\"1017\" src=\"http:\/\/marcinolszewski.pl\/wp-content\/uploads\/2022\/11\/Dlugosz3.jpg\" alt=\"\" class=\"wp-image-1779\" srcset=\"https:\/\/marcinolszewski.pl\/wp-content\/uploads\/2022\/11\/Dlugosz3.jpg 755w, https:\/\/marcinolszewski.pl\/wp-content\/uploads\/2022\/11\/Dlugosz3-223x300.jpg 223w\" sizes=\"(max-width: 755px) 100vw, 755px\" \/><\/figure>\n\n\n\n<figure class=\"wp-block-image size-full\"><img loading=\"lazy\" decoding=\"async\" width=\"800\" height=\"1020\" src=\"http:\/\/marcinolszewski.pl\/wp-content\/uploads\/2022\/11\/Dlugosz4.jpg\" alt=\"\" class=\"wp-image-1780\" srcset=\"https:\/\/marcinolszewski.pl\/wp-content\/uploads\/2022\/11\/Dlugosz4.jpg 800w, https:\/\/marcinolszewski.pl\/wp-content\/uploads\/2022\/11\/Dlugosz4-235x300.jpg 235w, https:\/\/marcinolszewski.pl\/wp-content\/uploads\/2022\/11\/Dlugosz4-768x979.jpg 768w\" sizes=\"(max-width: 800px) 100vw, 800px\" \/><\/figure>\n\n\n\n<p>W przypadku tego zapisu mamy do czynienia ze wskazaniem rodu, personali\u00f3w biskupa (Magnus) i miejsca morderstwa (pod Nys\u0105). Sprawa jak dla Sherlocka Holmes&#8217;a czy Herkulesa Poirot. Mamy rzekom\u0105 ofiar\u0119, rzekomych sprawc\u00f3w i miejsce rzekomej zbrodni. Bart\u0142omiej (Bartosz) Paprocki (1540-1614), m.in. heraldyk, pisarz, historyk, autor licznych publikacji, w swoim opracowaniu &#8222;Herby rycerstwa polskiego na pi\u0119cioro ksi\u0105g rozdzielone&#8221; (Krak\u00f3w, 1584 r.) odnotowuje i\u017c cyt. &#8222;Pisz\u0105 wszyscy historycy o przodkach herbu tego, \u017ce bywali okrutni, a to dlatego, \u017ce zabili Magnusa biskupa wroc\u0142awskiego u msze \u015bwi\u0119tej w roku 1143 i dlatego potem drobnie\u0107 potem pocz\u0119li, ani do rady przyjmowali byli.&#8221;<\/p>\n\n\n\n<figure class=\"wp-block-image size-full\"><img loading=\"lazy\" decoding=\"async\" width=\"890\" height=\"1001\" src=\"http:\/\/marcinolszewski.pl\/wp-content\/uploads\/2022\/11\/Paprocki-Herby-rycerstwa-polskiego-Kosciesza1.jpg\" alt=\"\" class=\"wp-image-1783\" srcset=\"https:\/\/marcinolszewski.pl\/wp-content\/uploads\/2022\/11\/Paprocki-Herby-rycerstwa-polskiego-Kosciesza1.jpg 890w, https:\/\/marcinolszewski.pl\/wp-content\/uploads\/2022\/11\/Paprocki-Herby-rycerstwa-polskiego-Kosciesza1-267x300.jpg 267w, https:\/\/marcinolszewski.pl\/wp-content\/uploads\/2022\/11\/Paprocki-Herby-rycerstwa-polskiego-Kosciesza1-768x864.jpg 768w\" sizes=\"(max-width: 890px) 100vw, 890px\" \/><\/figure>\n\n\n\n<p><\/p>\n\n\n\n<p>P\u00f3\u017aniejsi, niekt\u00f3rzy autorzy opracowa\u0144 cytuj\u0105 za D\u0142ugoszem. Je\u017celi jednak biskup wroc\u0142awski Magnus by\u0142 tak znan\u0105 jak na \u015bredniowieczne czasy postaci\u0105, Bartosz Paprocki wspomina o wielu historykach pisz\u0105cych o Ko\u015bcieszach jako okrutnych rycerzach &#8211; dlaczego jedynym \u017ar\u00f3d\u0142em, kt\u00f3ry go wymienia s\u0105 &#8222;Katalogi biskup\u00f3w wroc\u0142awskich&#8221; (&#8222;katalog lubi\u0105ski: hic videtur falli chorus Wratislaviensis&#8221;)? Dlaczego kroniki milcz\u0105 w sprawie przecie\u017c tak rzekomo g\u0142o\u015bnej zbrodni (przez analogi\u0119 \u015bmier\u0107 biskupa Stanis\u0142awa)? Mamy kolejne miejsce zbrodni (podczas mszy), dokumenty. I? Czas na rozwi\u0105zanie zagadki. Biskup wroc\u0142awski Magnus nigdy nie istnia\u0142. W dawnych relacjach nast\u0105pi\u0142o nieporozumienie. Owszem, by\u0142 Magnus &#8211; komes wroc\u0142awski, syn kr\u00f3la Anglii Harolda II (ur. 1051 &#8211; zm. po 1109), nie zosta\u0142 on jednak zabity przez rycerzy Ko\u015bciesz\u00f3w, nie mia\u0142 z nimi nic wsp\u00f3lnego. Relacje o biskupie Magusie w publikacji Jana D\u0142ugosza uwa\u017ca si\u0119 za zmy\u015blenie. A co z morderstwem biskupa Magnusa podczas mszy \u015bwi\u0119tej na co powo\u0142uje si\u0119 Bartosz Paprocki? Autor publikacji &#8222;Herby rycerstwa polskiego na pi\u0119cioro ksi\u0105g rozdzielone&#8221; pos\u0142u\u017cy\u0142 si\u0119 kopi\u0105 zapisu Jana D\u0142ugosza, w kt\u00f3rej zamiast Nysa (\u201eNissa\u201d) zapisano \u201eMissa\u201d (msza). I tak pomy\u0142ka kopisty zrodzi\u0142a legend\u0119. <\/p>\n\n\n\n<figure class=\"wp-block-image size-full\"><img loading=\"lazy\" decoding=\"async\" width=\"1024\" height=\"935\" src=\"http:\/\/marcinolszewski.pl\/wp-content\/uploads\/2022\/11\/Komes_Magnus_Haroldson_1.jpg\" alt=\"\" class=\"wp-image-1788\" srcset=\"https:\/\/marcinolszewski.pl\/wp-content\/uploads\/2022\/11\/Komes_Magnus_Haroldson_1.jpg 1024w, https:\/\/marcinolszewski.pl\/wp-content\/uploads\/2022\/11\/Komes_Magnus_Haroldson_1-300x274.jpg 300w, https:\/\/marcinolszewski.pl\/wp-content\/uploads\/2022\/11\/Komes_Magnus_Haroldson_1-768x701.jpg 768w\" sizes=\"(max-width: 1024px) 100vw, 1024px\" \/><\/figure>\n\n\n\n<p><\/p>\n","protected":false},"excerpt":{"rendered":"<p>W niekt\u00f3rych \u017ar\u00f3d\u0142ach zawarte s\u0105 zapisy i\u017c Ko\u015bciesze to r\u00f3d kt\u00f3rego przedstawiciele dawno temu zabili pod Nys\u0105 biskupa wroc\u0142awskiego Magnusa, na domiar z\u0142ego mieli zrobi\u0107 to w trakcie odprawianej przez niego mszy. Co do rzekomego faktu samego morderstwa, wspomina o tym r\u00f3wnie\u017c Jan D\u0142ugosz (1415-1480), polski historyk, kronikarz w swojej publikacji &#8222;Insignia seu clenodia Regis &hellip; <a href=\"https:\/\/marcinolszewski.pl\/index.php\/2022\/11\/06\/dlaczego-rycerze-kosciesze-nie-zabili-biskupa-magnusa-podczas-mszy-w-1143-roku-rodzinna-historia-z-duchownym-ktory-nie-istnial\/\" class=\"more-link\">Czytaj dalej <span class=\"screen-reader-text\">Dlaczego rycerze Ko\u015bciesze nie zabili biskupa Magnusa podczas mszy w 1143 roku? Rodzinna historia z duchownym kt\u00f3ry nie istnia\u0142.<\/span><\/a><\/p>\n","protected":false},"author":1,"featured_media":0,"comment_status":"open","ping_status":"open","sticky":false,"template":"","format":"standard","meta":{"spay_email":"","footnotes":""},"categories":[29,8],"tags":[],"jetpack_featured_media_url":"","_links":{"self":[{"href":"https:\/\/marcinolszewski.pl\/index.php\/wp-json\/wp\/v2\/posts\/1774"}],"collection":[{"href":"https:\/\/marcinolszewski.pl\/index.php\/wp-json\/wp\/v2\/posts"}],"about":[{"href":"https:\/\/marcinolszewski.pl\/index.php\/wp-json\/wp\/v2\/types\/post"}],"author":[{"embeddable":true,"href":"https:\/\/marcinolszewski.pl\/index.php\/wp-json\/wp\/v2\/users\/1"}],"replies":[{"embeddable":true,"href":"https:\/\/marcinolszewski.pl\/index.php\/wp-json\/wp\/v2\/comments?post=1774"}],"version-history":[{"count":12,"href":"https:\/\/marcinolszewski.pl\/index.php\/wp-json\/wp\/v2\/posts\/1774\/revisions"}],"predecessor-version":[{"id":1794,"href":"https:\/\/marcinolszewski.pl\/index.php\/wp-json\/wp\/v2\/posts\/1774\/revisions\/1794"}],"wp:attachment":[{"href":"https:\/\/marcinolszewski.pl\/index.php\/wp-json\/wp\/v2\/media?parent=1774"}],"wp:term":[{"taxonomy":"category","embeddable":true,"href":"https:\/\/marcinolszewski.pl\/index.php\/wp-json\/wp\/v2\/categories?post=1774"},{"taxonomy":"post_tag","embeddable":true,"href":"https:\/\/marcinolszewski.pl\/index.php\/wp-json\/wp\/v2\/tags?post=1774"}],"curies":[{"name":"wp","href":"https:\/\/api.w.org\/{rel}","templated":true}]}}