{"id":166,"date":"2021-01-14T22:57:14","date_gmt":"2021-01-14T21:57:14","guid":{"rendered":"http:\/\/nowa.marcinolszewski.pl\/?p=166"},"modified":"2025-01-29T17:31:30","modified_gmt":"2025-01-29T16:31:30","slug":"kryjan","status":"publish","type":"post","link":"https:\/\/marcinolszewski.pl\/index.php\/2021\/01\/14\/kryjan\/","title":{"rendered":"Kryjan"},"content":{"rendered":"\n<figure class=\"wp-block-image size-full\"><img loading=\"lazy\" decoding=\"async\" width=\"720\" height=\"540\" src=\"https:\/\/marcinolszewski.pl\/wp-content\/uploads\/2025\/01\/Kryjan.jpg\" alt=\"\" class=\"wp-image-2333\" srcset=\"https:\/\/marcinolszewski.pl\/wp-content\/uploads\/2025\/01\/Kryjan.jpg 720w, https:\/\/marcinolszewski.pl\/wp-content\/uploads\/2025\/01\/Kryjan-300x225.jpg 300w\" sizes=\"(max-width: 720px) 100vw, 720px\" \/><\/figure>\n\n\n\n<p><\/p>\n\n\n\n<p class=\"has-text-align-center\">Po\u015br\u00f3d traw, dzikich p\u00f3l rozbiwszy zagony pokrzyw<br>Zagryzaj\u0105c papier\u00f3wk\u0105, marchwi\u0105, wi\u015bni\u0105<br>Biegn\u0119 przez sw\u00f3j i wasz od wiek\u00f3w \u015bwiat<br>Namaszczony znamieniem \u201cwarszawiak\u201d \u201cKryjan\u201d<\/p>\n\n\n\n<p class=\"has-text-align-center\">Na drzewie, na koniu, na wozie, przy krowie<br>Zawsze gdzie\u015b u kogo\u015b, by wiedzie\u0107 wi\u0119cej<br>Szukajcie mnie, ja ju\u017c na racuchach w ko\u0144cu wsi<br>Kryjan! A gdzie ty by\u0142? Ja by\u0142 u Jan\u00f3w<\/p>\n\n\n\n<p class=\"has-text-align-center\">I zawsze jestem pami\u0119ci\u0105<\/p>\n\n\n\n<p class=\"has-text-align-center\">Ciep\u0142o mleka, zapach chleba, widok zwierz\u0105t<br>Ju\u017c nie zobaczysz, ju\u017c nie poczujesz<br>Ale babcia Jamio\u0142kowska by si\u0119 cieszy\u0142a!<br>I niech si\u0119 cieszy, Kryjan nie zapomina!<\/p>\n\n\n\n<p class=\"has-text-align-right\">&nbsp; 7 kwietnia 2009 r.<\/p>\n","protected":false},"excerpt":{"rendered":"<p>Po\u015br\u00f3d traw, dzikich p\u00f3l rozbiwszy zagony pokrzywZagryzaj\u0105c papier\u00f3wk\u0105, marchwi\u0105, wi\u015bni\u0105Biegn\u0119 przez sw\u00f3j i wasz od wiek\u00f3w \u015bwiatNamaszczony znamieniem \u201cwarszawiak\u201d \u201cKryjan\u201d Na drzewie, na koniu, na wozie, przy krowieZawsze gdzie\u015b u kogo\u015b, by wiedzie\u0107 wi\u0119cejSzukajcie mnie, ja ju\u017c na racuchach w ko\u0144cu wsiKryjan! A gdzie ty by\u0142? Ja by\u0142 u Jan\u00f3w I zawsze jestem pami\u0119ci\u0105 Ciep\u0142o &hellip; <a href=\"https:\/\/marcinolszewski.pl\/index.php\/2021\/01\/14\/kryjan\/\" class=\"more-link\">Czytaj dalej <span class=\"screen-reader-text\">Kryjan<\/span><\/a><\/p>\n","protected":false},"author":1,"featured_media":0,"comment_status":"closed","ping_status":"open","sticky":false,"template":"","format":"standard","meta":{"spay_email":"","footnotes":""},"categories":[4,14],"tags":[],"jetpack_featured_media_url":"","_links":{"self":[{"href":"https:\/\/marcinolszewski.pl\/index.php\/wp-json\/wp\/v2\/posts\/166"}],"collection":[{"href":"https:\/\/marcinolszewski.pl\/index.php\/wp-json\/wp\/v2\/posts"}],"about":[{"href":"https:\/\/marcinolszewski.pl\/index.php\/wp-json\/wp\/v2\/types\/post"}],"author":[{"embeddable":true,"href":"https:\/\/marcinolszewski.pl\/index.php\/wp-json\/wp\/v2\/users\/1"}],"replies":[{"embeddable":true,"href":"https:\/\/marcinolszewski.pl\/index.php\/wp-json\/wp\/v2\/comments?post=166"}],"version-history":[{"count":2,"href":"https:\/\/marcinolszewski.pl\/index.php\/wp-json\/wp\/v2\/posts\/166\/revisions"}],"predecessor-version":[{"id":2334,"href":"https:\/\/marcinolszewski.pl\/index.php\/wp-json\/wp\/v2\/posts\/166\/revisions\/2334"}],"wp:attachment":[{"href":"https:\/\/marcinolszewski.pl\/index.php\/wp-json\/wp\/v2\/media?parent=166"}],"wp:term":[{"taxonomy":"category","embeddable":true,"href":"https:\/\/marcinolszewski.pl\/index.php\/wp-json\/wp\/v2\/categories?post=166"},{"taxonomy":"post_tag","embeddable":true,"href":"https:\/\/marcinolszewski.pl\/index.php\/wp-json\/wp\/v2\/tags?post=166"}],"curies":[{"name":"wp","href":"https:\/\/api.w.org\/{rel}","templated":true}]}}