{"id":138,"date":"2021-01-14T22:33:39","date_gmt":"2021-01-14T21:33:39","guid":{"rendered":"http:\/\/nowa.marcinolszewski.pl\/?p=138"},"modified":"2025-01-29T17:13:33","modified_gmt":"2025-01-29T16:13:33","slug":"droga-zycia","status":"publish","type":"post","link":"https:\/\/marcinolszewski.pl\/index.php\/2021\/01\/14\/droga-zycia\/","title":{"rendered":"Droga \u017cycia"},"content":{"rendered":"\n<figure class=\"wp-block-image size-full\"><img loading=\"lazy\" decoding=\"async\" width=\"480\" height=\"640\" src=\"https:\/\/marcinolszewski.pl\/wp-content\/uploads\/2025\/01\/Droga-zycia.jpg\" alt=\"\" class=\"wp-image-2308\" srcset=\"https:\/\/marcinolszewski.pl\/wp-content\/uploads\/2025\/01\/Droga-zycia.jpg 480w, https:\/\/marcinolszewski.pl\/wp-content\/uploads\/2025\/01\/Droga-zycia-225x300.jpg 225w\" sizes=\"(max-width: 480px) 100vw, 480px\" \/><\/figure>\n\n\n\n<p><\/p>\n\n\n\n<p class=\"has-text-align-center\">Jad\u0119 przed siebie, po drodze \u017cycia<br>Koniem biegu lat, w\u015br\u00f3d zegar\u00f3w czasu<br>Z sakwami marze\u0144, chwilami wyrzecze\u0144<br>Z rozs\u0105dkiem pod pach\u0105, w mroku<\/p>\n\n\n\n<p class=\"has-text-align-center\">Z latarni\u0105 intuicji<br>Czasem cel jest konkretny, a innym razem<br>P\u0119d tak bez celu ku zachodom step\u00f3w<br>Ka\u017cda droga ma sens sw\u00f3j i koniec<br>Wa\u017cne, \u017ce jad\u0119, w pogoni za \u015bwiatem<\/p>\n\n\n\n<p class=\"has-text-align-center\">Mijam pielgrzym\u00f3w ku wielkim \u015bwi\u0105tyniom<br>Pos\u0105gi wajdelot\u00f3w na rozstaju dr\u00f3g zastyg\u0142ych<br>W zamy\u015bleniu<br>Pok\u0142on i szacunek ludziom, zwierz\u0119tom w tyle<br>Zn\u00f3w przecie\u017c kiedy\u015b u\u015bmiechniemy si\u0119 do siebie<\/p>\n\n\n\n<p class=\"has-text-align-center\">Mapa oczu niesie \u015bladami miast, p\u00f3l bitewnych<br>Pejza\u017ce zdarze\u0144, chwile w \u017cyciu wa\u017cne<br>I w zasadzie \u015bwi\u0105teczne<br>\u015awi\u0119tem ka\u017cdy dzie\u0144 \u017cycia, ka\u017cdy oddech kolejny<\/p>\n\n\n\n<p class=\"has-text-align-center\">Podziwiajmy \u017cycie p\u00f3ki mo\u017cemy<\/p>\n","protected":false},"excerpt":{"rendered":"<p>Jad\u0119 przed siebie, po drodze \u017cyciaKoniem biegu lat, w\u015br\u00f3d zegar\u00f3w czasuZ sakwami marze\u0144, chwilami wyrzecze\u0144Z rozs\u0105dkiem pod pach\u0105, w mroku Z latarni\u0105 intuicjiCzasem cel jest konkretny, a innym razemP\u0119d tak bez celu ku zachodom step\u00f3wKa\u017cda droga ma sens sw\u00f3j i koniecWa\u017cne, \u017ce jad\u0119, w pogoni za \u015bwiatem Mijam pielgrzym\u00f3w ku wielkim \u015bwi\u0105tyniomPos\u0105gi wajdelot\u00f3w na rozstaju &hellip; <a href=\"https:\/\/marcinolszewski.pl\/index.php\/2021\/01\/14\/droga-zycia\/\" class=\"more-link\">Czytaj dalej <span class=\"screen-reader-text\">Droga \u017cycia<\/span><\/a><\/p>\n","protected":false},"author":1,"featured_media":0,"comment_status":"closed","ping_status":"open","sticky":false,"template":"","format":"standard","meta":{"spay_email":"","footnotes":""},"categories":[4,13],"tags":[],"jetpack_featured_media_url":"","_links":{"self":[{"href":"https:\/\/marcinolszewski.pl\/index.php\/wp-json\/wp\/v2\/posts\/138"}],"collection":[{"href":"https:\/\/marcinolszewski.pl\/index.php\/wp-json\/wp\/v2\/posts"}],"about":[{"href":"https:\/\/marcinolszewski.pl\/index.php\/wp-json\/wp\/v2\/types\/post"}],"author":[{"embeddable":true,"href":"https:\/\/marcinolszewski.pl\/index.php\/wp-json\/wp\/v2\/users\/1"}],"replies":[{"embeddable":true,"href":"https:\/\/marcinolszewski.pl\/index.php\/wp-json\/wp\/v2\/comments?post=138"}],"version-history":[{"count":2,"href":"https:\/\/marcinolszewski.pl\/index.php\/wp-json\/wp\/v2\/posts\/138\/revisions"}],"predecessor-version":[{"id":2309,"href":"https:\/\/marcinolszewski.pl\/index.php\/wp-json\/wp\/v2\/posts\/138\/revisions\/2309"}],"wp:attachment":[{"href":"https:\/\/marcinolszewski.pl\/index.php\/wp-json\/wp\/v2\/media?parent=138"}],"wp:term":[{"taxonomy":"category","embeddable":true,"href":"https:\/\/marcinolszewski.pl\/index.php\/wp-json\/wp\/v2\/categories?post=138"},{"taxonomy":"post_tag","embeddable":true,"href":"https:\/\/marcinolszewski.pl\/index.php\/wp-json\/wp\/v2\/tags?post=138"}],"curies":[{"name":"wp","href":"https:\/\/api.w.org\/{rel}","templated":true}]}}