{"id":1271,"date":"2021-01-17T23:09:43","date_gmt":"2021-01-17T22:09:43","guid":{"rendered":"http:\/\/nowa.marcinolszewski.pl\/?p=1271"},"modified":"2021-01-25T17:40:54","modified_gmt":"2021-01-25T16:40:54","slug":"mlodosc-z-karabinem-w-lesie","status":"publish","type":"post","link":"https:\/\/marcinolszewski.pl\/index.php\/2021\/01\/17\/mlodosc-z-karabinem-w-lesie\/","title":{"rendered":"M\u0142odo\u015b\u0107 z karabinem w lesie"},"content":{"rendered":"\n<div class=\"wp-block-image is-style-default\"><figure class=\"alignright size-large is-resized\"><a href=\"http:\/\/nowa.marcinolszewski.pl\/wp-content\/uploads\/2021\/01\/Dziadek21.jpg\"><img loading=\"lazy\" decoding=\"async\" src=\"http:\/\/nowa.marcinolszewski.pl\/wp-content\/uploads\/2021\/01\/Dziadek21.jpg\" alt=\"\" class=\"wp-image-532\" width=\"275\" height=\"408\" srcset=\"https:\/\/marcinolszewski.pl\/wp-content\/uploads\/2021\/01\/Dziadek21.jpg 607w, https:\/\/marcinolszewski.pl\/wp-content\/uploads\/2021\/01\/Dziadek21-202x300.jpg 202w\" sizes=\"(max-width: 275px) 100vw, 275px\" \/><\/a><\/figure><\/div>\n\n\n\n<p>Czes\u0142aw Olszewski, urodzony na Podlasiu w miejscowo\u015bci Jamio\u0142ki &#8211; Piotrowi\u0119ta&nbsp; (obecnie gmina Soko\u0142y, powiat wysokomazowiecki), rocznik 1924 r. W 1939 r. wybuch II wojny \u015bwiatowej zastaje go w domu, podczas gdy wielu m\u0119\u017cczyzn z najbli\u017cszej rodziny walczy w munurach u\u0142a\u0144skich z naje\u017adzc\u0105.&nbsp;<\/p>\n\n\n\n<p>Po kl\u0119sce wrze\u015bniowej, 15 &#8211; letni Czes\u0142aw wraz z wieloma innymi z rodziny oraz od s\u0105siad\u00f3w idzie do lasu. Walczy w szeregach chyba najpopularniejszej (pod wzgl\u0119dem liczebno\u015bciowym, skali dzia\u0142ania) organizacji wojskowej w tamtym rejonie &#8211; Narodowych Si\u0142ach Zbrojnych.&nbsp;<\/p>\n\n\n\n<p>Obecna wiedza nie pozwala mi na dok\u0142adne prze\u015bledzenie kwestii zwi\u0105zanych z pseudonimem dziadka Czes\u0142awa (konspiracja), jak r\u00f3wnie\u017c dotycz\u0105cych stoczonych bitew, potyczek. Wi\u0119kszo\u015b\u0107 danych w tym wzgl\u0119dzie posiadam z przekaz\u00f3w rodzinnych.&nbsp;<\/p>\n\n\n\n<p>Walczy\u0142 od 1939 do 1946. Czy m\u0142ody ch\u0142opak mo\u017ce my\u015ble\u0107 w lesie o polityce? Nie. My\u015bl\u0119 i\u017c przekaz jest prosty &#8211; weszli Niemcy, bijemy si\u0119 z Niemcami, potem weszli Ruscy, LWP, KBW, nadszed\u0142 czas na kolejnego naje\u017adzc\u0119 kt\u00f3ry gwa\u0142ci\u0142, pali\u0142, rabowa\u0142. Co m\u0142ody ch\u0142opak mo\u017ce my\u015ble\u0107? &#8211; broni\u0119 swojego, ojczyzny, ziemi, rodziny.<\/p>\n\n\n\n<p>Poza bitwami, jak z\u0142apali Niemc\u00f3w, nie patyczkowali si\u0119. Dziadek tak\u017ce ich rozwala\u0142. Jak wchodzili do wsi po \u017cywno\u015b\u0107, dziadek na koniu, m\u00f3wili we wsi \u017ce po &#8222;kontrybucj\u0119 przyszli&#8221;. Do tej pory m\u00f3wi\u0105 na nich w Jamio\u0142kach &#8222;bandy z lasu&#8221; a na pami\u0105tk\u0119 stoj\u0105 kamienne g\u0142azy.&nbsp;<\/p>\n\n\n\n<p>W zimie 1945 r. do Jamio\u0142k weszli Rosjanie, kto nie da\u0142 ko\u017cucha to pepesz\u0105 po brzuchu. To co mieli ludzie robi\u0107 wobec gwa\u0142tu i nowego porz\u0105dku ludowego? Dalej walczyli. Nie wiem w jakich okoliczno\u015bciach ale dziadkowi podwa\u017cali i wyrywali paznokcie.&nbsp;<\/p>\n\n\n\n<p>Na pewno b\u0119d\u0119 stara\u0142 si\u0119 dotrze\u0107 do dalszych informacji. Dziadek nie mia\u0142 dzieci\u0144stwa. Wojna da\u0142a mu obraz zniszcze\u0144, krzywdy, okupant\u00f3w, karabin do r\u0119ki.&nbsp;<\/p>\n\n\n\n<p>Cze\u015b\u0107 jego pami\u0119ci&#8230;.<\/p>\n","protected":false},"excerpt":{"rendered":"<p>Czes\u0142aw Olszewski, urodzony na Podlasiu w miejscowo\u015bci Jamio\u0142ki &#8211; Piotrowi\u0119ta&nbsp; (obecnie gmina Soko\u0142y, powiat wysokomazowiecki), rocznik 1924 r. W 1939 r. wybuch II wojny \u015bwiatowej zastaje go w domu, podczas gdy wielu m\u0119\u017cczyzn z najbli\u017cszej rodziny walczy w munurach u\u0142a\u0144skich z naje\u017adzc\u0105.&nbsp; Po kl\u0119sce wrze\u015bniowej, 15 &#8211; letni Czes\u0142aw wraz z wieloma innymi z rodziny &hellip; <a href=\"https:\/\/marcinolszewski.pl\/index.php\/2021\/01\/17\/mlodosc-z-karabinem-w-lesie\/\" class=\"more-link\">Czytaj dalej <span class=\"screen-reader-text\">M\u0142odo\u015b\u0107 z karabinem w lesie<\/span><\/a><\/p>\n","protected":false},"author":1,"featured_media":0,"comment_status":"open","ping_status":"open","sticky":false,"template":"","format":"standard","meta":{"spay_email":"","footnotes":""},"categories":[9,8],"tags":[],"jetpack_featured_media_url":"","_links":{"self":[{"href":"https:\/\/marcinolszewski.pl\/index.php\/wp-json\/wp\/v2\/posts\/1271"}],"collection":[{"href":"https:\/\/marcinolszewski.pl\/index.php\/wp-json\/wp\/v2\/posts"}],"about":[{"href":"https:\/\/marcinolszewski.pl\/index.php\/wp-json\/wp\/v2\/types\/post"}],"author":[{"embeddable":true,"href":"https:\/\/marcinolszewski.pl\/index.php\/wp-json\/wp\/v2\/users\/1"}],"replies":[{"embeddable":true,"href":"https:\/\/marcinolszewski.pl\/index.php\/wp-json\/wp\/v2\/comments?post=1271"}],"version-history":[{"count":1,"href":"https:\/\/marcinolszewski.pl\/index.php\/wp-json\/wp\/v2\/posts\/1271\/revisions"}],"predecessor-version":[{"id":1272,"href":"https:\/\/marcinolszewski.pl\/index.php\/wp-json\/wp\/v2\/posts\/1271\/revisions\/1272"}],"wp:attachment":[{"href":"https:\/\/marcinolszewski.pl\/index.php\/wp-json\/wp\/v2\/media?parent=1271"}],"wp:term":[{"taxonomy":"category","embeddable":true,"href":"https:\/\/marcinolszewski.pl\/index.php\/wp-json\/wp\/v2\/categories?post=1271"},{"taxonomy":"post_tag","embeddable":true,"href":"https:\/\/marcinolszewski.pl\/index.php\/wp-json\/wp\/v2\/tags?post=1271"}],"curies":[{"name":"wp","href":"https:\/\/api.w.org\/{rel}","templated":true}]}}