{"id":1269,"date":"2021-01-17T23:04:50","date_gmt":"2021-01-17T22:04:50","guid":{"rendered":"http:\/\/nowa.marcinolszewski.pl\/?p=1269"},"modified":"2021-01-25T17:41:12","modified_gmt":"2021-01-25T16:41:12","slug":"stanislaw-olszewski-i-urzad-bezpieczenstwa","status":"publish","type":"post","link":"https:\/\/marcinolszewski.pl\/index.php\/2021\/01\/17\/stanislaw-olszewski-i-urzad-bezpieczenstwa\/","title":{"rendered":"Stanis\u0142aw Olszewski i Urz\u0105d Bezpiecze\u0144stwa"},"content":{"rendered":"\n<p>Kolejnym przyk\u0142adem post\u0119powania UB wobec przeciwnik\u00f3w systemu komunistycznego niech b\u0119dzie aresztowanie 17 listopada 1945 r., w wyniku zezna\u0144 Tadeusza Bonarowskiego z Laskowca,&nbsp;<strong>Stanis\u0142awa Olszewskiego ze wsi Olszewo Przyborowo gm. Rutki<\/strong>. Jeszcze w zabudowaniach gospodarczych za\u017c\u0105dano od niego wydania broni, a kiedy odm\u00f3wi\u0142&nbsp;<strong>zosta\u0142 pobity nog\u0105 od krzes\u0142a oraz kolbami karabin\u00f3w<\/strong>. Obu zatrzymanych za\u0142adowano na samoch\u00f3d ci\u0119\u017carowy i zawieziono do PUBP w \u0141om\u017cy. Na miejscu Bonarowski zaprzeczy\u0142 jakoby mia\u0142 z Olszewskim co\u015b wsp\u00f3lnego i stwierdzi\u0142, \u017ce wsp\u00f3\u0142pracowa\u0142 nie z nim lecz z jego stryjem.&nbsp;<strong>Olszewskiego zabrano nast\u0119pnie do oddzielnego pomieszczenia, w kt\u00f3rym zacz\u0119to bi\u0107 go \u017celaznymi pr\u0119tami po ca\u0142ym ciele, trwa\u0142o to p\u00f3\u0142 godziny i uczestniczy\u0142o w tym siedmiu funkcjonariuszy<\/strong>. Po takim przes\u0142uchaniu zaprowadzono go do celi, w kt\u00f3rej przebywa\u0142o ju\u017c kilkunastu zatrzymanych.&nbsp;<strong>W ci\u0105gu nast\u0119pnych dni by\u0142 bity jeszcze kilkana\u015bcie razy. W areszcie przebywa\u0142 do 25 grudnia 1945 r. bez jakiegokolwiek nakazu prokuratorskiego<\/strong>. Dwa tygodnie po jego zatrzymaniu wprowadzono do celi Antoniego Mateuszczyka z Bronowa, zatrzymanego w rewan\u017cu za wytoczenie przed wojn\u0105 sprawy mieszka\u0144cowi tej wsi Sikorskiemu, kt\u00f3ry po jej zako\u0144czeniu wst\u0105pi\u0142 do PUBP. Po jednym z przes\u0142ucha\u0144 zosta\u0142 on nieprzytomny wrzucony do celi, gdzie nie odzyska\u0142 ju\u017c przytomno\u015bci i zmar\u0142. Cia\u0142o jego zosta\u0142o zabrane przez dw\u00f3ch funkcjonariuszy, co by\u0142o dalej, nie wiadomo.&nbsp;Podobny los spotka\u0142 ojca Haliny Boguskiej, Boles\u0142awa Korytkowskiego zamieszka\u0142ego we wsi Grzyma\u0142y Szczepankowskie.&nbsp;Wiosn\u0105 1946 r. zosta\u0142 on zatrzymany przez UB i od tego momentu wszelki \u015blad po nim zagin\u0105\u0142. Mimo kilkakrotnego dowiadywania si\u0119 w siedzibie PUBP na ul. Nowogrodzkiej nie ustalono co si\u0119 z nim dalej sta\u0142o, nie odnaleziono te\u017c jego cia\u0142a.<\/p>\n","protected":false},"excerpt":{"rendered":"<p>Kolejnym przyk\u0142adem post\u0119powania UB wobec przeciwnik\u00f3w systemu komunistycznego niech b\u0119dzie aresztowanie 17 listopada 1945 r., w wyniku zezna\u0144 Tadeusza Bonarowskiego z Laskowca,&nbsp;Stanis\u0142awa Olszewskiego ze wsi Olszewo Przyborowo gm. Rutki. Jeszcze w zabudowaniach gospodarczych za\u017c\u0105dano od niego wydania broni, a kiedy odm\u00f3wi\u0142&nbsp;zosta\u0142 pobity nog\u0105 od krzes\u0142a oraz kolbami karabin\u00f3w. Obu zatrzymanych za\u0142adowano na samoch\u00f3d ci\u0119\u017carowy i &hellip; <a href=\"https:\/\/marcinolszewski.pl\/index.php\/2021\/01\/17\/stanislaw-olszewski-i-urzad-bezpieczenstwa\/\" class=\"more-link\">Czytaj dalej <span class=\"screen-reader-text\">Stanis\u0142aw Olszewski i Urz\u0105d Bezpiecze\u0144stwa<\/span><\/a><\/p>\n","protected":false},"author":1,"featured_media":0,"comment_status":"open","ping_status":"open","sticky":false,"template":"","format":"standard","meta":{"spay_email":"","footnotes":""},"categories":[9,8],"tags":[],"jetpack_featured_media_url":"","_links":{"self":[{"href":"https:\/\/marcinolszewski.pl\/index.php\/wp-json\/wp\/v2\/posts\/1269"}],"collection":[{"href":"https:\/\/marcinolszewski.pl\/index.php\/wp-json\/wp\/v2\/posts"}],"about":[{"href":"https:\/\/marcinolszewski.pl\/index.php\/wp-json\/wp\/v2\/types\/post"}],"author":[{"embeddable":true,"href":"https:\/\/marcinolszewski.pl\/index.php\/wp-json\/wp\/v2\/users\/1"}],"replies":[{"embeddable":true,"href":"https:\/\/marcinolszewski.pl\/index.php\/wp-json\/wp\/v2\/comments?post=1269"}],"version-history":[{"count":2,"href":"https:\/\/marcinolszewski.pl\/index.php\/wp-json\/wp\/v2\/posts\/1269\/revisions"}],"predecessor-version":[{"id":1402,"href":"https:\/\/marcinolszewski.pl\/index.php\/wp-json\/wp\/v2\/posts\/1269\/revisions\/1402"}],"wp:attachment":[{"href":"https:\/\/marcinolszewski.pl\/index.php\/wp-json\/wp\/v2\/media?parent=1269"}],"wp:term":[{"taxonomy":"category","embeddable":true,"href":"https:\/\/marcinolszewski.pl\/index.php\/wp-json\/wp\/v2\/categories?post=1269"},{"taxonomy":"post_tag","embeddable":true,"href":"https:\/\/marcinolszewski.pl\/index.php\/wp-json\/wp\/v2\/tags?post=1269"}],"curies":[{"name":"wp","href":"https:\/\/api.w.org\/{rel}","templated":true}]}}