{"id":1129,"date":"2021-01-17T00:50:33","date_gmt":"2021-01-16T23:50:33","guid":{"rendered":"http:\/\/nowa.marcinolszewski.pl\/?p=1129"},"modified":"2021-01-17T00:50:33","modified_gmt":"2021-01-16T23:50:33","slug":"ku-pamieci-prezydenta-rp-lecha-kaczynskiego","status":"publish","type":"post","link":"https:\/\/marcinolszewski.pl\/index.php\/2021\/01\/17\/ku-pamieci-prezydenta-rp-lecha-kaczynskiego\/","title":{"rendered":"Ku pami\u0119ci Prezydenta RP Lecha Kaczy\u0144skiego"},"content":{"rendered":"\n<figure class=\"wp-block-gallery columns-3 is-cropped wp-block-gallery-1 is-layout-flex wp-block-gallery-is-layout-flex\"><ul class=\"blocks-gallery-grid\"><li class=\"blocks-gallery-item\"><figure><a href=\"http:\/\/nowa.marcinolszewski.pl\/wp-content\/uploads\/2021\/01\/Obraz-539.jpg\"><img loading=\"lazy\" decoding=\"async\" width=\"448\" height=\"336\" src=\"http:\/\/nowa.marcinolszewski.pl\/wp-content\/uploads\/2021\/01\/Obraz-539.jpg\" alt=\"\" data-id=\"589\" data-full-url=\"http:\/\/nowa.marcinolszewski.pl\/wp-content\/uploads\/2021\/01\/Obraz-539.jpg\" data-link=\"http:\/\/nowa.marcinolszewski.pl\/index.php\/2021\/01\/15\/zycie\/obraz-539\/\" class=\"wp-image-589\" srcset=\"https:\/\/marcinolszewski.pl\/wp-content\/uploads\/2021\/01\/Obraz-539.jpg 448w, https:\/\/marcinolszewski.pl\/wp-content\/uploads\/2021\/01\/Obraz-539-300x225.jpg 300w\" sizes=\"(max-width: 448px) 100vw, 448px\" \/><\/a><\/figure><\/li><li class=\"blocks-gallery-item\"><figure><a href=\"http:\/\/nowa.marcinolszewski.pl\/wp-content\/uploads\/2021\/01\/Obraz-469.jpg\"><img loading=\"lazy\" decoding=\"async\" width=\"448\" height=\"336\" src=\"http:\/\/nowa.marcinolszewski.pl\/wp-content\/uploads\/2021\/01\/Obraz-469.jpg\" alt=\"\" data-id=\"588\" data-full-url=\"http:\/\/nowa.marcinolszewski.pl\/wp-content\/uploads\/2021\/01\/Obraz-469.jpg\" data-link=\"http:\/\/nowa.marcinolszewski.pl\/index.php\/2021\/01\/15\/zycie\/obraz-469\/\" class=\"wp-image-588\" srcset=\"https:\/\/marcinolszewski.pl\/wp-content\/uploads\/2021\/01\/Obraz-469.jpg 448w, https:\/\/marcinolszewski.pl\/wp-content\/uploads\/2021\/01\/Obraz-469-300x225.jpg 300w\" sizes=\"(max-width: 448px) 100vw, 448px\" \/><\/a><\/figure><\/li><li class=\"blocks-gallery-item\"><figure><a href=\"http:\/\/nowa.marcinolszewski.pl\/wp-content\/uploads\/2021\/01\/Obraz-297.jpg\"><img loading=\"lazy\" decoding=\"async\" width=\"448\" height=\"336\" src=\"http:\/\/nowa.marcinolszewski.pl\/wp-content\/uploads\/2021\/01\/Obraz-297.jpg\" alt=\"\" data-id=\"587\" data-full-url=\"http:\/\/nowa.marcinolszewski.pl\/wp-content\/uploads\/2021\/01\/Obraz-297.jpg\" data-link=\"http:\/\/nowa.marcinolszewski.pl\/index.php\/2021\/01\/15\/zycie\/obraz-297\/\" class=\"wp-image-587\" srcset=\"https:\/\/marcinolszewski.pl\/wp-content\/uploads\/2021\/01\/Obraz-297.jpg 448w, https:\/\/marcinolszewski.pl\/wp-content\/uploads\/2021\/01\/Obraz-297-300x225.jpg 300w\" sizes=\"(max-width: 448px) 100vw, 448px\" \/><\/a><\/figure><\/li><\/ul><\/figure>\n\n\n\n<p>W pa\u017adzierniku 2007 r. Prezydent Rzeczpospolitej Polskiej Lech Kaczy\u0144ski w ramach odwiedzin&nbsp;najlepszego pod wzgl\u0119dem wynik\u00f3w gospodarstwa rolnego w powiecie,&nbsp;odwiedzi\u0142 zagrod\u0119 mojego brata stryjecznego,&nbsp;<strong>Wies\u0142awa Olszewskiego i jego rodziny<\/strong>&nbsp;w miejcowo\u015bci Wnory &#8211; Wiechy (gmina Kulesze Ko\u015bcielne, powiat wysokomazowiecki, wojew\u00f3dztwo podlaskie). W spotkaniu uczestniczyli m.in. m\u00f3j&nbsp;<strong>brat Wies\u0142aw,&nbsp;bratowa Celina,&nbsp;bratanice Emilka i Karolina,&nbsp;bratankowie Tomek i Mariusz, stryj Kazimierz Olszewscy<\/strong>.<\/p>\n\n\n\n<p>Mimo powagi atmosfery na zewn\u0105trz (namioty, ochrona itd.) w domu Pan Prezydent by\u0142 jak ka\u017cdy z nas zwyk\u0142ych ludzi, naturalny, u\u015bmiechni\u0119ty, mo\u017cna by\u0142o z nim porozmawia\u0107 o wszystkim. Pan Prezydent w \u017caden spos\u00f3b nie da\u0142 odczu\u0107 domownik\u00f3w, i\u017c traktuje ich z g\u00f3ry. Wr\u0119cz przeciwnie. Serdeczna atmosfera udziela\u0142a si\u0119 do ko\u0144ca spotkania. Na ko\u0144cu rodzina Olszewskich uwieczni\u0142a wsp\u00f3lnie sp\u0119dzony&nbsp;czas z Panem Prezydentem na pami\u0105tkowym zdj\u0119ciu rodzinnym, traktuj\u0105c go\u015bcia w osobie Prezydenta &#8211; przede wszystkim jako cz\u0142owieka, kt\u00f3ry zosta\u0142 z nale\u017cytym szacunkiem przyj\u0119ty i ugoszczony.<\/p>\n","protected":false},"excerpt":{"rendered":"<p>W pa\u017adzierniku 2007 r. Prezydent Rzeczpospolitej Polskiej Lech Kaczy\u0144ski w ramach odwiedzin&nbsp;najlepszego pod wzgl\u0119dem wynik\u00f3w gospodarstwa rolnego w powiecie,&nbsp;odwiedzi\u0142 zagrod\u0119 mojego brata stryjecznego,&nbsp;Wies\u0142awa Olszewskiego i jego rodziny&nbsp;w miejcowo\u015bci Wnory &#8211; Wiechy (gmina Kulesze Ko\u015bcielne, powiat wysokomazowiecki, wojew\u00f3dztwo podlaskie). W spotkaniu uczestniczyli m.in. m\u00f3j&nbsp;brat Wies\u0142aw,&nbsp;bratowa Celina,&nbsp;bratanice Emilka i Karolina,&nbsp;bratankowie Tomek i Mariusz, stryj Kazimierz Olszewscy. Mimo &hellip; <a href=\"https:\/\/marcinolszewski.pl\/index.php\/2021\/01\/17\/ku-pamieci-prezydenta-rp-lecha-kaczynskiego\/\" class=\"more-link\">Czytaj dalej <span class=\"screen-reader-text\">Ku pami\u0119ci Prezydenta RP Lecha Kaczy\u0144skiego<\/span><\/a><\/p>\n","protected":false},"author":1,"featured_media":0,"comment_status":"closed","ping_status":"open","sticky":false,"template":"","format":"standard","meta":{"spay_email":"","footnotes":""},"categories":[32,8],"tags":[],"jetpack_featured_media_url":"","_links":{"self":[{"href":"https:\/\/marcinolszewski.pl\/index.php\/wp-json\/wp\/v2\/posts\/1129"}],"collection":[{"href":"https:\/\/marcinolszewski.pl\/index.php\/wp-json\/wp\/v2\/posts"}],"about":[{"href":"https:\/\/marcinolszewski.pl\/index.php\/wp-json\/wp\/v2\/types\/post"}],"author":[{"embeddable":true,"href":"https:\/\/marcinolszewski.pl\/index.php\/wp-json\/wp\/v2\/users\/1"}],"replies":[{"embeddable":true,"href":"https:\/\/marcinolszewski.pl\/index.php\/wp-json\/wp\/v2\/comments?post=1129"}],"version-history":[{"count":1,"href":"https:\/\/marcinolszewski.pl\/index.php\/wp-json\/wp\/v2\/posts\/1129\/revisions"}],"predecessor-version":[{"id":1130,"href":"https:\/\/marcinolszewski.pl\/index.php\/wp-json\/wp\/v2\/posts\/1129\/revisions\/1130"}],"wp:attachment":[{"href":"https:\/\/marcinolszewski.pl\/index.php\/wp-json\/wp\/v2\/media?parent=1129"}],"wp:term":[{"taxonomy":"category","embeddable":true,"href":"https:\/\/marcinolszewski.pl\/index.php\/wp-json\/wp\/v2\/categories?post=1129"},{"taxonomy":"post_tag","embeddable":true,"href":"https:\/\/marcinolszewski.pl\/index.php\/wp-json\/wp\/v2\/tags?post=1129"}],"curies":[{"name":"wp","href":"https:\/\/api.w.org\/{rel}","templated":true}]}}