{"id":1094,"date":"2021-01-17T00:25:33","date_gmt":"2021-01-16T23:25:33","guid":{"rendered":"http:\/\/nowa.marcinolszewski.pl\/?p=1094"},"modified":"2021-01-25T18:04:32","modified_gmt":"2021-01-25T17:04:32","slug":"historia-rodu-16","status":"publish","type":"post","link":"https:\/\/marcinolszewski.pl\/index.php\/2021\/01\/17\/historia-rodu-16\/","title":{"rendered":"Historia rodu"},"content":{"rendered":"\n<p>Z uwagi na szacunek wobec&nbsp;<strong>wiedzy dotycz\u0105cej Rodu Jamio\u0142kowskich<\/strong>&nbsp;zg\u0142\u0119bianej przez &#8222;brata krwi mojej&#8221;, szlachetnie urodzonego Jerzego Antoniego Jamio\u0142kowskiego i zawartej na&nbsp;<strong>stronie internetowej autorstwa w\/w<\/strong>, polecam Pa\u0144stwu w powy\u017cszym wzgl\u0119dzie jej poznanie.<a href=\"http:\/\/www.jerzyjamiolkowski.pl\/\">www.jamiolkowski.pl<\/a>ograniczaj\u0105c si\u0119 jedynie do wskazania historii ga\u0142\u0119zi rodu Jamio\u0142kowskich prowadz\u0105cej w linii prostej do prababci Walerii Jamio\u0142kowskiej.<\/p>\n\n\n\n<p>Dotychczas najstarszym moim bezpo\u015brednim przodkiem z rodu Jamio\u0142kowskich (dzi\u0119ki uprzejmo\u015bci, wiedzy i po\u015bwi\u0119ceniu W.P. Jerzego Antoniego Jamio\u0142kowskiego)&nbsp;<strong>pozostaje Pawe\u0142 Jamio\u0142kowski, ojciec Antoniego Jamio\u0142kowskiego<\/strong>.<\/p>\n\n\n\n<p><strong>Antoni Jamio\u0142kowski<\/strong>&nbsp;urodzony w miejscowo\u015bci Jamio\u0142ki \u015awietliki, bierze sobie za \u017con\u0119&nbsp;<strong>Maryann\u0119<\/strong>&nbsp;(b.d. nazwiska panie\u0144skiego). Daty urodzin i \u015bmierci obojga ma\u0142\u017conk\u00f3w nieznane. Z tego zwi\u0105zku rodzi si\u0119 pi\u0119cioro dzieci:<\/p>\n\n\n\n<ol><li>Teresa Jamio\u0142kowska (urodzona 4 wrze\u015bnia 1684 r. w Jamio\u0142kach \u015awietlikach)<\/li><li>Eufrozyna Jamio\u0142kowska (urodzona 6 listopada 1687 r. w Jamio\u0142kach \u015awietlikach)<\/li><li>Aleksander Jamio\u0142kowski (urodzony 6 grudnia 1690 r. w Jamio\u0142kach \u015awietlikach)<strong>Jerzy Jamio\u0142kowski<\/strong>&nbsp;(urodzony 14 kwietnia 1694 r. w Jamio\u0142kach \u015awietlikach)<\/li><li>Jan Jamio\u0142kowski (urodzony 21 stycznia\/lipca? 1698 r.)<\/li><\/ol>\n\n\n\n<p>Z pi\u0119ciorga dzieci najwi\u0119cej wiadomo o&nbsp;<strong>Jerzym Jamio\u0142kowskim<\/strong>&nbsp;(urodzony 14 kwietnia 1694 r. w Jamio\u0142kach \u015awietlikach i zmar\u0142 tam\u017ce 15 marca 1754 r.). 13 lutego 1719 bierze on sobie za ma\u0142\u017conk\u0119 Helen\u0119 z domu Perkowsk\u0105 (urodzon\u0105 ok. 1700 r.). Z tego zwi\u0105zku rodzi si\u0119 sze\u015bcioro dzieci:<\/p>\n\n\n\n<ol><li>Dorota Jamio\u0142kowska (urodzona 6 stycznia 1720 r.)<\/li><li><strong>Franciszek Jamio\u0142kowski<\/strong>&nbsp;(urodzony 27 marca 1729 r. w Jamio\u0142kach \u015awietlikach)<\/li><li>Maryanna Jamio\u0142kowska (urodzona 16 marca 1732 r.)<\/li><li>Piotr Jamio\u0142kowski (urodzony 25 marca 1735 r.)<\/li><li>Franciszka Jamio\u0142kowska (urodzona 21 wrze\u015bnia 1739 r.)<\/li><li>Antoni Jamio\u0142kowski (urodzony 5 stycznia\/lipca? 1742 r.)<\/li><\/ol>\n\n\n\n<p>Drugie dziecko Jerzego i Heleny Jamio\u0142kowskich&nbsp;<strong>Franciszek Jamio\u0142kowski<\/strong>&nbsp;17 stycznia 1756 r. bierze sobie za \u017con\u0119 Maryann\u0119 \u0141api\u0144sk\u0105 (daty i miejsca urodzin\/\u015bmierci nieznane). Umiera tam\u017ce w 1802 r. Maj\u0105 o\u015bmioro dzieci:<\/p>\n\n\n\n<ol><li>Maciej Jamio\u0142kowski (urodzony 24 stycznia 1762 r.)<\/li><li>Wojciech Jamio\u0142kowski (urodzony 12 kwietnia 1764 r.)<\/li><li>Krystyna Jamio\u0142kowska (urodzona 15 maja 1767 r.)<\/li><li>Kazimierz Jamio\u0142kowski (urodzony 11 marca 1770 r.)<\/li><li>Maryanna Jamio\u0142kowska (urodzona 11 pa\u017adziernika 1772 r.)<\/li><li>Tomasz Jamio\u0142kowski (urodzona 16 grudnia 1777 r.)<\/li><li>Maryanna Jamio\u0142kowska (urodzona 30 marca 1780 r.)<\/li><li><strong>Jak\u00f3b Jamio\u0142kowski<\/strong>&nbsp;(urodzony 25 lipca 1783 r.)<\/li><\/ol>\n\n\n\n<p>Z o\u015bmiorga dzieci najwi\u0119cej wiadomo o&nbsp;<strong>Jak\u00f3bie<\/strong>&nbsp;(urodzony w Jamio\u0142kach \u015awietlikach). 29 pa\u017adziernika 1809 r. bierze \u015blub z&nbsp;<strong>Agnieszk\u0105 Jab\u0142onowsk\u0105<\/strong>&nbsp;(urodzona w 1789 r. w Jamio\u0142kach Piotrowi\u0119tach). Maj\u0105 sze\u015bcioro dzieci:<\/p>\n\n\n\n<ol><li>Antoni Jamio\u0142kowski (urodzony 19 stycznia\/lipca? 1812 r.)<\/li><li><strong>Jan Jamio\u0142kowski<\/strong>&nbsp;(urodzony 14 sierpnia 1814 r. w Jamio\u0142kach Piotrowi\u0119tach)<\/li><li>Wincenty Jamio\u0142kowski (urodzony 17 lipca 1817 r.)<\/li><li>Stanis\u0142aw Jamio\u0142kowski (urodzony 2 maja 1820 r.)<\/li><li>Maryanna Jamio\u0142kowska (urodzona 23 marca 1823 r.)<\/li><li>Antonina Jamio\u0142kowska (urodzona 10 stycznia\/lipca? 1826 r.)<\/li><\/ol>\n\n\n\n<p>Najwi\u0119cej wiadomo o&nbsp;<strong>Janie Jamio\u0142kowskim<\/strong>. Bierze \u015blub z&nbsp;<strong>Maryann\u0105 Zdrodowsk\u0105<\/strong>. Z tego zwi\u0105zku rodz\u0105 si\u0119:<\/p>\n\n\n\n<ol><li>Antoni Jamio\u0142kowski (urodzony 18 lipca 1839 r.)<\/li><li>Pawe\u0142 Jamio\u0142kowski (urodzony 16 stycznia 1844 r.)<\/li><li>Paulina Jamio\u0142kowska (urodzony 3 czerwca 1847 r.)<\/li><li><strong>Konstanty Jamio\u0142kowski<\/strong>&nbsp;(urodzony 14 kwietnia 1850 r. w Jamio\u0142kach Piotrowi\u0119tach).<\/li><\/ol>\n\n\n\n<p><strong>Konstanty Jamio\u0142kowski<\/strong>&nbsp;bierze \u015blub z&nbsp;<strong>Zofi\u0105 Choi\u0144sk\u0105<\/strong>&nbsp;i maj\u0105&nbsp;siedmioro&nbsp;dzieci:<\/p>\n\n\n\n<ol><li>Maryanna Jamio\u0142kowska (urodzona 1 stycznia 1877 r.)<\/li><li>Klementyna Jamio\u0142kowska (urodzona 18 maja 1879 r.)<\/li><li><strong>Waleria Jamio\u0142kowska<\/strong>&nbsp;(urodzona 18 grudnia 1881 r. w Jamio\u0142kach Piotrowi\u0119tach)<\/li><li>Julianna Jamio\u0142kowska (urodzona 10 stycznia 1884 r.)<\/li><li>Boles\u0142awa Jamio\u0142kowska (urodzona 13 grudnia 1886 r.)<\/li><li>Julianna Jamio\u0142kowska (urodzona 8 kwietnia 1890 r.)<\/li><li>Helena Jamio\u0142kowska (urodzona 16 pa\u017adziernika 1892 r.)<\/li><\/ol>\n\n\n\n<p><strong>Waleria Jamio\u0142kowska<\/strong>&nbsp;25 lutego 1900 r. wychodzi za m\u0105\u017c za Teofila Olszewskiego (urodzonego ok. 1875 r. w Olszewie, syna&nbsp;<strong>Jana Olszewskiego i Reginy \u015aleszy\u0144skiej).<\/strong><\/p>\n\n\n\n<p><strong>Podsumowanie w linii prostej:&nbsp;<\/strong><\/p>\n\n\n\n<p><strong>Antoni Jamio\u0142kowski i Maryanna &#8211; 7 x pradziadkowie (I pokolenie)&nbsp;<\/strong><\/p>\n\n\n\n<p><strong>Jerzy Jamio\u0142kowski (ur. 1694 r.) i Helena Perkowska &#8211; 6 pradziadkowie (II pokolenie)&nbsp;<\/strong><\/p>\n\n\n\n<p><strong>Franciszek Jamio\u0142kowski (ur. 1729 r.) i Maryanna \u0141api\u0144ska &#8211; 5 x pradziadkowie (III pokolenie)<\/strong><\/p>\n\n\n\n<p><strong>&nbsp;Jak\u00f3b Jamio\u0142kowski (ur. 1783 r.) i Agnieszka Jab\u0142onowska &#8211; 4 x pradziadkowie (IV pokolenie)&nbsp;<\/strong><\/p>\n\n\n\n<p><strong>Jan Jamio\u0142kowski (ur. 1814 r.) i Maryanna Zdrodowska &#8211; 3 x pradziadkowie (V pokolenie)&nbsp;<\/strong><\/p>\n\n\n\n<p><strong>Konstanty Jamio\u0142kowski (ur. 1850 r.) i Zofia Choi\u0144ska &#8211; 2 x pradziadkowie (VI pokolenie)&nbsp;<\/strong><\/p>\n\n\n\n<p><strong>Waleria Jamio\u0142kowska (ur. 1881 r.) i Teofil Olszewski &#8211; pradziadkowie (VII pokolenie)&nbsp;<\/strong><\/p>\n\n\n\n<p><strong>Czes\u0142aw Olszewski i Apolonia Kanty \u2013 dziadkowie (VIII pokolenie)<\/strong><\/p>\n\n\n\n<p><strong>Jan Olszewski (ur. 1946 r.) i Joanna Wi\u015bniewska &#8211; rodzice (IX pokolenie)<u>&nbsp;<\/u><\/strong><\/p>\n\n\n\n<p><\/p>\n\n\n\n<p><\/p>\n\n\n\n<p class=\"has-text-align-right\">Marcin Bart\u0142omiej Olszewski herbu Ko\u015bciesza<\/p>\n","protected":false},"excerpt":{"rendered":"<p>Z uwagi na szacunek wobec&nbsp;wiedzy dotycz\u0105cej Rodu Jamio\u0142kowskich&nbsp;zg\u0142\u0119bianej przez &#8222;brata krwi mojej&#8221;, szlachetnie urodzonego Jerzego Antoniego Jamio\u0142kowskiego i zawartej na&nbsp;stronie internetowej autorstwa w\/w, polecam Pa\u0144stwu w powy\u017cszym wzgl\u0119dzie jej poznanie.www.jamiolkowski.plograniczaj\u0105c si\u0119 jedynie do wskazania historii ga\u0142\u0119zi rodu Jamio\u0142kowskich prowadz\u0105cej w linii prostej do prababci Walerii Jamio\u0142kowskiej. Dotychczas najstarszym moim bezpo\u015brednim przodkiem z rodu Jamio\u0142kowskich (dzi\u0119ki &hellip; <a href=\"https:\/\/marcinolszewski.pl\/index.php\/2021\/01\/17\/historia-rodu-16\/\" class=\"more-link\">Czytaj dalej <span class=\"screen-reader-text\">Historia rodu<\/span><\/a><\/p>\n","protected":false},"author":1,"featured_media":0,"comment_status":"closed","ping_status":"open","sticky":false,"template":"","format":"standard","meta":{"spay_email":"","footnotes":""},"categories":[54,74,8],"tags":[],"jetpack_featured_media_url":"","_links":{"self":[{"href":"https:\/\/marcinolszewski.pl\/index.php\/wp-json\/wp\/v2\/posts\/1094"}],"collection":[{"href":"https:\/\/marcinolszewski.pl\/index.php\/wp-json\/wp\/v2\/posts"}],"about":[{"href":"https:\/\/marcinolszewski.pl\/index.php\/wp-json\/wp\/v2\/types\/post"}],"author":[{"embeddable":true,"href":"https:\/\/marcinolszewski.pl\/index.php\/wp-json\/wp\/v2\/users\/1"}],"replies":[{"embeddable":true,"href":"https:\/\/marcinolszewski.pl\/index.php\/wp-json\/wp\/v2\/comments?post=1094"}],"version-history":[{"count":2,"href":"https:\/\/marcinolszewski.pl\/index.php\/wp-json\/wp\/v2\/posts\/1094\/revisions"}],"predecessor-version":[{"id":1404,"href":"https:\/\/marcinolszewski.pl\/index.php\/wp-json\/wp\/v2\/posts\/1094\/revisions\/1404"}],"wp:attachment":[{"href":"https:\/\/marcinolszewski.pl\/index.php\/wp-json\/wp\/v2\/media?parent=1094"}],"wp:term":[{"taxonomy":"category","embeddable":true,"href":"https:\/\/marcinolszewski.pl\/index.php\/wp-json\/wp\/v2\/categories?post=1094"},{"taxonomy":"post_tag","embeddable":true,"href":"https:\/\/marcinolszewski.pl\/index.php\/wp-json\/wp\/v2\/tags?post=1094"}],"curies":[{"name":"wp","href":"https:\/\/api.w.org\/{rel}","templated":true}]}}