{"id":1076,"date":"2021-01-17T00:15:41","date_gmt":"2021-01-16T23:15:41","guid":{"rendered":"http:\/\/nowa.marcinolszewski.pl\/?p=1076"},"modified":"2021-01-17T00:15:41","modified_gmt":"2021-01-16T23:15:41","slug":"historia-rodu-8","status":"publish","type":"post","link":"https:\/\/marcinolszewski.pl\/index.php\/2021\/01\/17\/historia-rodu-8\/","title":{"rendered":"Historia rodu"},"content":{"rendered":"\n<p>Uwaga formalna &#8211; przedstawiony poni\u017cej materia\u0142\u00a0<strong>nie stanowi opracowania naukowego, a jedynie mo\u017cliwy (nierzadko hipotetyczny) do przedstawienia na tym etapie wiedzy fragment historii rodu Mazewskich w zarysie og\u00f3lnym, jak r\u00f3wnie\u017c w odniesieniu do w\u0142asnej linii przodk\u00f3w i najbli\u017cszych<\/strong>. Ka\u017cda osoba powi\u0105zana zatem pochodzeniem z rodem Mazewskich w formie konkretnie uzasadnionej argumentacji\u00a0<strong>ma prawo<\/strong>\u00a0poprzez\u00a0<strong>Dzia\u0142 Korespondencja<\/strong>\u00a0zg\u0142asza\u0107 stosowne uwagi, uzupe\u0142nienia do poni\u017cszej tre\u015bci.<\/p>\n\n\n\n<p>Wedle nieudokumentowanej wiedzy id\u0105c za przekazem rodzinnym, r\u00f3d Mazewskich powi\u0105zany jest z rodem Olszewskich\u00a0<strong>poprzez siostr\u0119 cioteczn\u0105 dziadka Czes\u0142awa Olszewskiego<\/strong>\u00a0wywodz\u0105c\u0105 si\u0119 z miejscowo\u015bci Chojane &#8211; B\u0105ki, a wyszed\u0142szy za m\u0105\u017c w miejscowo\u015bci Czachy &#8211; Ko\u0142aki. Ze zwi\u0105zku tego narodzi\u0142a si\u0119\u00a0<strong>Helena &#8211; nasza zawsze ciep\u0142a i pe\u0142na serca ciocia, kt\u00f3ra wysz\u0142a za m\u0105\u017c za Jana Mazewskiego z Zambrowa.<\/strong>\u00a0Z tego te\u017c zwi\u0105zku narodzi\u0142y si\u0119 dzieci\u00a0<strong>Marta, Robert, Krzysztof i Agnieszka Mazewscy.\u00a0<\/strong>Cz\u0119\u015b\u0107 z nich (Marta i Krzysztof) za\u0142o\u017cyli w\u0142asne rodziny. \u017byj\u0105 w spokoju po dzie\u0144 dzisiejszy.<\/p>\n","protected":false},"excerpt":{"rendered":"<p>Uwaga formalna &#8211; przedstawiony poni\u017cej materia\u0142\u00a0nie stanowi opracowania naukowego, a jedynie mo\u017cliwy (nierzadko hipotetyczny) do przedstawienia na tym etapie wiedzy fragment historii rodu Mazewskich w zarysie og\u00f3lnym, jak r\u00f3wnie\u017c w odniesieniu do w\u0142asnej linii przodk\u00f3w i najbli\u017cszych. Ka\u017cda osoba powi\u0105zana zatem pochodzeniem z rodem Mazewskich w formie konkretnie uzasadnionej argumentacji\u00a0ma prawo\u00a0poprzez\u00a0Dzia\u0142 Korespondencja\u00a0zg\u0142asza\u0107 stosowne uwagi, uzupe\u0142nienia &hellip; <a href=\"https:\/\/marcinolszewski.pl\/index.php\/2021\/01\/17\/historia-rodu-8\/\" class=\"more-link\">Czytaj dalej <span class=\"screen-reader-text\">Historia rodu<\/span><\/a><\/p>\n","protected":false},"author":1,"featured_media":0,"comment_status":"closed","ping_status":"open","sticky":false,"template":"","format":"standard","meta":{"spay_email":"","footnotes":""},"categories":[8,45],"tags":[],"jetpack_featured_media_url":"","_links":{"self":[{"href":"https:\/\/marcinolszewski.pl\/index.php\/wp-json\/wp\/v2\/posts\/1076"}],"collection":[{"href":"https:\/\/marcinolszewski.pl\/index.php\/wp-json\/wp\/v2\/posts"}],"about":[{"href":"https:\/\/marcinolszewski.pl\/index.php\/wp-json\/wp\/v2\/types\/post"}],"author":[{"embeddable":true,"href":"https:\/\/marcinolszewski.pl\/index.php\/wp-json\/wp\/v2\/users\/1"}],"replies":[{"embeddable":true,"href":"https:\/\/marcinolszewski.pl\/index.php\/wp-json\/wp\/v2\/comments?post=1076"}],"version-history":[{"count":1,"href":"https:\/\/marcinolszewski.pl\/index.php\/wp-json\/wp\/v2\/posts\/1076\/revisions"}],"predecessor-version":[{"id":1077,"href":"https:\/\/marcinolszewski.pl\/index.php\/wp-json\/wp\/v2\/posts\/1076\/revisions\/1077"}],"wp:attachment":[{"href":"https:\/\/marcinolszewski.pl\/index.php\/wp-json\/wp\/v2\/media?parent=1076"}],"wp:term":[{"taxonomy":"category","embeddable":true,"href":"https:\/\/marcinolszewski.pl\/index.php\/wp-json\/wp\/v2\/categories?post=1076"},{"taxonomy":"post_tag","embeddable":true,"href":"https:\/\/marcinolszewski.pl\/index.php\/wp-json\/wp\/v2\/tags?post=1076"}],"curies":[{"name":"wp","href":"https:\/\/api.w.org\/{rel}","templated":true}]}}