{"id":1072,"date":"2021-01-17T00:12:27","date_gmt":"2021-01-16T23:12:27","guid":{"rendered":"http:\/\/nowa.marcinolszewski.pl\/?p=1072"},"modified":"2021-01-17T00:12:27","modified_gmt":"2021-01-16T23:12:27","slug":"historia-rodu-6","status":"publish","type":"post","link":"https:\/\/marcinolszewski.pl\/index.php\/2021\/01\/17\/historia-rodu-6\/","title":{"rendered":"Historia rodu"},"content":{"rendered":"\n<p>Uwaga formalna &#8211; przedstawiony poni\u017cej materia\u0142\u00a0<strong>nie stanowi opracowania naukowego, a jedynie mo\u017cliwy (nierzadko hipotetyczny) do przedstawienia na tym etapie wiedzy fragment historii rodu Ku\u0142akowskich w zarysie og\u00f3lnym, jak r\u00f3wnie\u017c w odniesieniu do w\u0142asnej linii przodk\u00f3w i najbli\u017cszych<\/strong>. Ka\u017cda osoba powi\u0105zana zatem pochodzeniem z rodem Ku\u0142akowskich w formie konkretnie uzasadnionej argumentacji\u00a0<strong>ma prawo<\/strong>\u00a0poprzez\u00a0<strong>Dzia\u0142 Korespondencja<\/strong>\u00a0zg\u0142asza\u0107 stosowne uwagi, uzupe\u0142nienia do poni\u017cszej tre\u015bci.\u00a0R\u00f3d Ku\u0142akowskich powi\u0105zany jest\u00a0 rodem Olszewskich\u00a0<strong>poprzez ma\u0142\u017ce\u0144stwo Maryanny Olszewskiej (ur. 11.11.1828 r.) siostry rodzonej mojego prapradziadka Jana Olszewskiego, z Janem Ku\u0142akowskim<\/strong>.\u00a0<\/p>\n\n\n\n<p>Dalsze badania w toku.\u00a0<\/p>\n","protected":false},"excerpt":{"rendered":"<p>Uwaga formalna &#8211; przedstawiony poni\u017cej materia\u0142\u00a0nie stanowi opracowania naukowego, a jedynie mo\u017cliwy (nierzadko hipotetyczny) do przedstawienia na tym etapie wiedzy fragment historii rodu Ku\u0142akowskich w zarysie og\u00f3lnym, jak r\u00f3wnie\u017c w odniesieniu do w\u0142asnej linii przodk\u00f3w i najbli\u017cszych. Ka\u017cda osoba powi\u0105zana zatem pochodzeniem z rodem Ku\u0142akowskich w formie konkretnie uzasadnionej argumentacji\u00a0ma prawo\u00a0poprzez\u00a0Dzia\u0142 Korespondencja\u00a0zg\u0142asza\u0107 stosowne uwagi, uzupe\u0142nienia &hellip; <a href=\"https:\/\/marcinolszewski.pl\/index.php\/2021\/01\/17\/historia-rodu-6\/\" class=\"more-link\">Czytaj dalej <span class=\"screen-reader-text\">Historia rodu<\/span><\/a><\/p>\n","protected":false},"author":1,"featured_media":0,"comment_status":"closed","ping_status":"open","sticky":false,"template":"","format":"standard","meta":{"spay_email":"","footnotes":""},"categories":[43,8],"tags":[],"jetpack_featured_media_url":"","_links":{"self":[{"href":"https:\/\/marcinolszewski.pl\/index.php\/wp-json\/wp\/v2\/posts\/1072"}],"collection":[{"href":"https:\/\/marcinolszewski.pl\/index.php\/wp-json\/wp\/v2\/posts"}],"about":[{"href":"https:\/\/marcinolszewski.pl\/index.php\/wp-json\/wp\/v2\/types\/post"}],"author":[{"embeddable":true,"href":"https:\/\/marcinolszewski.pl\/index.php\/wp-json\/wp\/v2\/users\/1"}],"replies":[{"embeddable":true,"href":"https:\/\/marcinolszewski.pl\/index.php\/wp-json\/wp\/v2\/comments?post=1072"}],"version-history":[{"count":1,"href":"https:\/\/marcinolszewski.pl\/index.php\/wp-json\/wp\/v2\/posts\/1072\/revisions"}],"predecessor-version":[{"id":1073,"href":"https:\/\/marcinolszewski.pl\/index.php\/wp-json\/wp\/v2\/posts\/1072\/revisions\/1073"}],"wp:attachment":[{"href":"https:\/\/marcinolszewski.pl\/index.php\/wp-json\/wp\/v2\/media?parent=1072"}],"wp:term":[{"taxonomy":"category","embeddable":true,"href":"https:\/\/marcinolszewski.pl\/index.php\/wp-json\/wp\/v2\/categories?post=1072"},{"taxonomy":"post_tag","embeddable":true,"href":"https:\/\/marcinolszewski.pl\/index.php\/wp-json\/wp\/v2\/tags?post=1072"}],"curies":[{"name":"wp","href":"https:\/\/api.w.org\/{rel}","templated":true}]}}