{"id":19,"count":27,"description":"","link":"https:\/\/marcinolszewski.pl\/index.php\/category\/poezja\/miedzy-dusza-a-swiatem-2013-r\/","name":"Mi\u0119dzy dusz\u0105 a \u015bwiatem (2013 r.)","slug":"miedzy-dusza-a-swiatem-2013-r","taxonomy":"category","parent":4,"meta":[],"_links":{"self":[{"href":"https:\/\/marcinolszewski.pl\/index.php\/wp-json\/wp\/v2\/categories\/19"}],"collection":[{"href":"https:\/\/marcinolszewski.pl\/index.php\/wp-json\/wp\/v2\/categories"}],"about":[{"href":"https:\/\/marcinolszewski.pl\/index.php\/wp-json\/wp\/v2\/taxonomies\/category"}],"up":[{"embeddable":true,"href":"https:\/\/marcinolszewski.pl\/index.php\/wp-json\/wp\/v2\/categories\/4"}],"wp:post_type":[{"href":"https:\/\/marcinolszewski.pl\/index.php\/wp-json\/wp\/v2\/posts?categories=19"}],"curies":[{"name":"wp","href":"https:\/\/api.w.org\/{rel}","templated":true}]}}