{"id":858,"date":"2021-01-15T23:03:54","date_gmt":"2021-01-15T22:03:54","guid":{"rendered":"http:\/\/nowa.marcinolszewski.pl\/?p=858"},"modified":"2025-01-30T12:32:51","modified_gmt":"2025-01-30T11:32:51","slug":"epitafium","status":"publish","type":"post","link":"http:\/\/marcinolszewski.pl\/index.php\/2021\/01\/15\/epitafium\/","title":{"rendered":"Epitafium"},"content":{"rendered":"\n<figure class=\"wp-block-image size-full\"><img loading=\"lazy\" decoding=\"async\" width=\"640\" height=\"425\" src=\"http:\/\/marcinolszewski.pl\/wp-content\/uploads\/2025\/01\/Epitafium.jpg\" alt=\"\" class=\"wp-image-2513\" srcset=\"http:\/\/marcinolszewski.pl\/wp-content\/uploads\/2025\/01\/Epitafium.jpg 640w, http:\/\/marcinolszewski.pl\/wp-content\/uploads\/2025\/01\/Epitafium-300x199.jpg 300w\" sizes=\"(max-width: 640px) 100vw, 640px\" \/><\/figure>\n\n\n\n<p><\/p>\n\n\n\n<p class=\"has-text-align-center\">Ch\u0142\u00f3d czo\u0142a na po\u017cegnanie. Ostatni poca\u0142unek<br>Cia\u0142o wiecznym \u015bnie. Spis tre\u015bci. Przypisy<br>Cisza. Mrok. Kroki pos\u0142a\u0144c\u00f3w \u015awi\u0119tego Micha\u0142a<br>Podr\u00f3\u017c w nieznane. Zamkni\u0119te drzwi karawanu<\/p>\n\n\n\n<p class=\"has-text-align-center\">Hala za szk\u0142em. Potok piw w gardle i Ave Maria<br>Trumna. \u017byczenie nico\u015bci. Dusza za drzwiami<br>Piec. Szyny. Dostojny Pan. Pchni\u0119cie w ogie\u0144<br>Zas\u0142ony na szkle. Rozmazana rzeczywisto\u015b\u0107<\/p>\n\n\n\n<p class=\"has-text-align-center\">Mam Ci\u0119 przy sobie. Na tylnym siedzeniu<br>Ciemny proch w sze\u015bcianie. Cia\u0142o ojca<br>Krzy\u017ce. Mn\u00f3stwo ciemnych pomnik\u00f3w i krzy\u017cy<br>Bez my\u015bli. Przez lata nie b\u0119d\u0119 mia\u0142 my\u015bli<\/p>\n","protected":false},"excerpt":{"rendered":"<p>Ch\u0142\u00f3d czo\u0142a na po\u017cegnanie. Ostatni poca\u0142unekCia\u0142o wiecznym \u015bnie. Spis tre\u015bci. PrzypisyCisza. Mrok. Kroki pos\u0142a\u0144c\u00f3w \u015awi\u0119tego Micha\u0142aPodr\u00f3\u017c w nieznane. Zamkni\u0119te drzwi karawanu Hala za szk\u0142em. Potok piw w gardle i Ave MariaTrumna. \u017byczenie nico\u015bci. Dusza za drzwiamiPiec. Szyny. Dostojny Pan. Pchni\u0119cie w ogie\u0144Zas\u0142ony na szkle. Rozmazana rzeczywisto\u015b\u0107 Mam Ci\u0119 przy sobie. Na tylnym siedzeniuCiemny proch w &hellip; <a href=\"http:\/\/marcinolszewski.pl\/index.php\/2021\/01\/15\/epitafium\/\" class=\"more-link\">Czytaj dalej <span class=\"screen-reader-text\">Epitafium<\/span><\/a><\/p>\n","protected":false},"author":1,"featured_media":537,"comment_status":"closed","ping_status":"open","sticky":false,"template":"","format":"standard","meta":{"spay_email":"","footnotes":""},"categories":[4,24],"tags":[],"jetpack_featured_media_url":"http:\/\/marcinolszewski.pl\/wp-content\/uploads\/2021\/01\/Epitafium.jpg","_links":{"self":[{"href":"http:\/\/marcinolszewski.pl\/index.php\/wp-json\/wp\/v2\/posts\/858"}],"collection":[{"href":"http:\/\/marcinolszewski.pl\/index.php\/wp-json\/wp\/v2\/posts"}],"about":[{"href":"http:\/\/marcinolszewski.pl\/index.php\/wp-json\/wp\/v2\/types\/post"}],"author":[{"embeddable":true,"href":"http:\/\/marcinolszewski.pl\/index.php\/wp-json\/wp\/v2\/users\/1"}],"replies":[{"embeddable":true,"href":"http:\/\/marcinolszewski.pl\/index.php\/wp-json\/wp\/v2\/comments?post=858"}],"version-history":[{"count":2,"href":"http:\/\/marcinolszewski.pl\/index.php\/wp-json\/wp\/v2\/posts\/858\/revisions"}],"predecessor-version":[{"id":2514,"href":"http:\/\/marcinolszewski.pl\/index.php\/wp-json\/wp\/v2\/posts\/858\/revisions\/2514"}],"wp:featuredmedia":[{"embeddable":true,"href":"http:\/\/marcinolszewski.pl\/index.php\/wp-json\/wp\/v2\/media\/537"}],"wp:attachment":[{"href":"http:\/\/marcinolszewski.pl\/index.php\/wp-json\/wp\/v2\/media?parent=858"}],"wp:term":[{"taxonomy":"category","embeddable":true,"href":"http:\/\/marcinolszewski.pl\/index.php\/wp-json\/wp\/v2\/categories?post=858"},{"taxonomy":"post_tag","embeddable":true,"href":"http:\/\/marcinolszewski.pl\/index.php\/wp-json\/wp\/v2\/tags?post=858"}],"curies":[{"name":"wp","href":"https:\/\/api.w.org\/{rel}","templated":true}]}}