{"id":752,"date":"2021-01-15T21:39:29","date_gmt":"2021-01-15T20:39:29","guid":{"rendered":"http:\/\/nowa.marcinolszewski.pl\/?p=752"},"modified":"2025-01-30T11:37:32","modified_gmt":"2025-01-30T10:37:32","slug":"ciala-i-dusze","status":"publish","type":"post","link":"http:\/\/marcinolszewski.pl\/index.php\/2021\/01\/15\/ciala-i-dusze\/","title":{"rendered":"Cia\u0142a i dusze"},"content":{"rendered":"\n<figure class=\"wp-block-image size-full\"><img loading=\"lazy\" decoding=\"async\" width=\"480\" height=\"640\" src=\"http:\/\/marcinolszewski.pl\/wp-content\/uploads\/2025\/01\/Ciala.jpg\" alt=\"\" class=\"wp-image-2431\" srcset=\"http:\/\/marcinolszewski.pl\/wp-content\/uploads\/2025\/01\/Ciala.jpg 480w, http:\/\/marcinolszewski.pl\/wp-content\/uploads\/2025\/01\/Ciala-225x300.jpg 225w\" sizes=\"(max-width: 480px) 100vw, 480px\" \/><\/figure>\n\n\n\n<p><\/p>\n\n\n\n<p>\u0141zy na poduszce. Smutek pod mrokiem<br>My\u015bli o drodze. Bez po\u017cegnania<br>Bez r\u0105k, ciep\u0142a. Pozosta\u0142 ch\u0142\u00f3d<br>Mamo i tato. Zaczyna bole\u0107<\/p>\n\n\n\n<p>Mam rozum. Nie my\u015bl\u0119. Jak b\u0119dzie lepiej<br>Bym znalaz\u0142 rado\u015b\u0107. W samotno\u015bci<br>Rzeczy na p\u00f3\u0142kach. Tw\u00f3j pukiel na piersi<br>Bez leku w ogrodach. Na ran\u0119 \u015bmierci<\/p>\n\n\n\n<p>Rodzic\u00f3w, dla dzieci na ziemi<\/p>\n\n\n\n<p>I tak b\u0119d\u0119 \u017cy\u0142. W w\u0119dr\u00f3wce my\u015bli z Wami<br>Bez cia\u0142, dusz, bez sn\u00f3w ukojenia<br>Wida\u0107 to z bia\u0142ych balkon\u00f3w? Wida\u0107<br>To doceniamy, co strat\u0105. Na zawsze<\/p>\n","protected":false},"excerpt":{"rendered":"<p>\u0141zy na poduszce. Smutek pod mrokiemMy\u015bli o drodze. Bez po\u017cegnaniaBez r\u0105k, ciep\u0142a. Pozosta\u0142 ch\u0142\u00f3dMamo i tato. Zaczyna bole\u0107 Mam rozum. Nie my\u015bl\u0119. Jak b\u0119dzie lepiejBym znalaz\u0142 rado\u015b\u0107. W samotno\u015bciRzeczy na p\u00f3\u0142kach. Tw\u00f3j pukiel na piersiBez leku w ogrodach. Na ran\u0119 \u015bmierci Rodzic\u00f3w, dla dzieci na ziemi I tak b\u0119d\u0119 \u017cy\u0142. W w\u0119dr\u00f3wce my\u015bli z WamiBez &hellip; <a href=\"http:\/\/marcinolszewski.pl\/index.php\/2021\/01\/15\/ciala-i-dusze\/\" class=\"more-link\">Czytaj dalej <span class=\"screen-reader-text\">Cia\u0142a i dusze<\/span><\/a><\/p>\n","protected":false},"author":1,"featured_media":653,"comment_status":"closed","ping_status":"open","sticky":false,"template":"","format":"standard","meta":{"spay_email":"","footnotes":""},"categories":[4,21],"tags":[],"jetpack_featured_media_url":"http:\/\/marcinolszewski.pl\/wp-content\/uploads\/2021\/01\/Tozsamosc1.jpg","_links":{"self":[{"href":"http:\/\/marcinolszewski.pl\/index.php\/wp-json\/wp\/v2\/posts\/752"}],"collection":[{"href":"http:\/\/marcinolszewski.pl\/index.php\/wp-json\/wp\/v2\/posts"}],"about":[{"href":"http:\/\/marcinolszewski.pl\/index.php\/wp-json\/wp\/v2\/types\/post"}],"author":[{"embeddable":true,"href":"http:\/\/marcinolszewski.pl\/index.php\/wp-json\/wp\/v2\/users\/1"}],"replies":[{"embeddable":true,"href":"http:\/\/marcinolszewski.pl\/index.php\/wp-json\/wp\/v2\/comments?post=752"}],"version-history":[{"count":2,"href":"http:\/\/marcinolszewski.pl\/index.php\/wp-json\/wp\/v2\/posts\/752\/revisions"}],"predecessor-version":[{"id":2432,"href":"http:\/\/marcinolszewski.pl\/index.php\/wp-json\/wp\/v2\/posts\/752\/revisions\/2432"}],"wp:featuredmedia":[{"embeddable":true,"href":"http:\/\/marcinolszewski.pl\/index.php\/wp-json\/wp\/v2\/media\/653"}],"wp:attachment":[{"href":"http:\/\/marcinolszewski.pl\/index.php\/wp-json\/wp\/v2\/media?parent=752"}],"wp:term":[{"taxonomy":"category","embeddable":true,"href":"http:\/\/marcinolszewski.pl\/index.php\/wp-json\/wp\/v2\/categories?post=752"},{"taxonomy":"post_tag","embeddable":true,"href":"http:\/\/marcinolszewski.pl\/index.php\/wp-json\/wp\/v2\/tags?post=752"}],"curies":[{"name":"wp","href":"https:\/\/api.w.org\/{rel}","templated":true}]}}