{"id":697,"date":"2021-01-15T14:33:35","date_gmt":"2021-01-15T13:33:35","guid":{"rendered":"http:\/\/nowa.marcinolszewski.pl\/?p=697"},"modified":"2025-01-30T11:20:47","modified_gmt":"2025-01-30T10:20:47","slug":"skarb","status":"publish","type":"post","link":"http:\/\/marcinolszewski.pl\/index.php\/2021\/01\/15\/skarb\/","title":{"rendered":"Skarb"},"content":{"rendered":"\n<figure class=\"wp-block-image size-full\"><img loading=\"lazy\" decoding=\"async\" width=\"810\" height=\"540\" src=\"http:\/\/marcinolszewski.pl\/wp-content\/uploads\/2025\/01\/Skarb-1.jpg\" alt=\"\" class=\"wp-image-2417\" srcset=\"http:\/\/marcinolszewski.pl\/wp-content\/uploads\/2025\/01\/Skarb-1.jpg 810w, http:\/\/marcinolszewski.pl\/wp-content\/uploads\/2025\/01\/Skarb-1-300x200.jpg 300w, http:\/\/marcinolszewski.pl\/wp-content\/uploads\/2025\/01\/Skarb-1-768x512.jpg 768w\" sizes=\"(max-width: 810px) 100vw, 810px\" \/><\/figure>\n\n\n\n<p><\/p>\n\n\n\n<p>Nie mam, widz\u0119 u kogo\u015b rzecz po\u017c\u0105dan\u0105<br>Nie przejd\u0119 obok z oboj\u0119tno\u015bci\u0105<br>Moc posiadania mi nie pozwala<br>Lepiej zdoby\u0107 i mie\u0107<\/p>\n\n\n\n<p>Za cen\u0119 czyjego\u015b \u017cycia?<\/p>\n\n\n\n<p>Mam, Moje. Niewa\u017cne \u017ce ma\u0142o warte<br>Moje, i tylko moje. Nikt mi ju\u017c nie odbierze<br>Nie mia\u0142em, dlaczego mam nie mie\u0107?<br>\u017bycie odesz\u0142o w cie\u0144? Trudno<\/p>\n\n\n\n<p>M\u00f3g\u0142 odda\u0107<\/p>\n\n\n\n<p>Rzesza rzeczy moja dooko\u0142a<br>Cmentarz sumienia ofiar posiadania<br>By\u0142o min\u0119\u0142o, dzisiaj jest moje<\/p>\n\n\n\n<p>Dop\u00f3ki kto\u015b mi nie zabierze<\/p>\n","protected":false},"excerpt":{"rendered":"<p>Nie mam, widz\u0119 u kogo\u015b rzecz po\u017c\u0105dan\u0105Nie przejd\u0119 obok z oboj\u0119tno\u015bci\u0105Moc posiadania mi nie pozwalaLepiej zdoby\u0107 i mie\u0107 Za cen\u0119 czyjego\u015b \u017cycia? Mam, Moje. Niewa\u017cne \u017ce ma\u0142o warteMoje, i tylko moje. Nikt mi ju\u017c nie odbierzeNie mia\u0142em, dlaczego mam nie mie\u0107?\u017bycie odesz\u0142o w cie\u0144? Trudno M\u00f3g\u0142 odda\u0107 Rzesza rzeczy moja dooko\u0142aCmentarz sumienia ofiar posiadaniaBy\u0142o min\u0119\u0142o, &hellip; <a href=\"http:\/\/marcinolszewski.pl\/index.php\/2021\/01\/15\/skarb\/\" class=\"more-link\">Czytaj dalej <span class=\"screen-reader-text\">Skarb<\/span><\/a><\/p>\n","protected":false},"author":1,"featured_media":413,"comment_status":"closed","ping_status":"open","sticky":false,"template":"","format":"standard","meta":{"spay_email":"","footnotes":""},"categories":[4,19],"tags":[],"jetpack_featured_media_url":"http:\/\/marcinolszewski.pl\/wp-content\/uploads\/2021\/01\/22-Skarb.jpg","_links":{"self":[{"href":"http:\/\/marcinolszewski.pl\/index.php\/wp-json\/wp\/v2\/posts\/697"}],"collection":[{"href":"http:\/\/marcinolszewski.pl\/index.php\/wp-json\/wp\/v2\/posts"}],"about":[{"href":"http:\/\/marcinolszewski.pl\/index.php\/wp-json\/wp\/v2\/types\/post"}],"author":[{"embeddable":true,"href":"http:\/\/marcinolszewski.pl\/index.php\/wp-json\/wp\/v2\/users\/1"}],"replies":[{"embeddable":true,"href":"http:\/\/marcinolszewski.pl\/index.php\/wp-json\/wp\/v2\/comments?post=697"}],"version-history":[{"count":2,"href":"http:\/\/marcinolszewski.pl\/index.php\/wp-json\/wp\/v2\/posts\/697\/revisions"}],"predecessor-version":[{"id":2418,"href":"http:\/\/marcinolszewski.pl\/index.php\/wp-json\/wp\/v2\/posts\/697\/revisions\/2418"}],"wp:featuredmedia":[{"embeddable":true,"href":"http:\/\/marcinolszewski.pl\/index.php\/wp-json\/wp\/v2\/media\/413"}],"wp:attachment":[{"href":"http:\/\/marcinolszewski.pl\/index.php\/wp-json\/wp\/v2\/media?parent=697"}],"wp:term":[{"taxonomy":"category","embeddable":true,"href":"http:\/\/marcinolszewski.pl\/index.php\/wp-json\/wp\/v2\/categories?post=697"},{"taxonomy":"post_tag","embeddable":true,"href":"http:\/\/marcinolszewski.pl\/index.php\/wp-json\/wp\/v2\/tags?post=697"}],"curies":[{"name":"wp","href":"https:\/\/api.w.org\/{rel}","templated":true}]}}