{"id":125,"date":"2021-01-14T22:21:47","date_gmt":"2021-01-14T21:21:47","guid":{"rendered":"http:\/\/nowa.marcinolszewski.pl\/?p=125"},"modified":"2025-01-29T17:11:08","modified_gmt":"2025-01-29T16:11:08","slug":"sedzia","status":"publish","type":"post","link":"http:\/\/marcinolszewski.pl\/index.php\/2021\/01\/14\/sedzia\/","title":{"rendered":"S\u0119dzia"},"content":{"rendered":"\n<figure class=\"wp-block-image size-full\"><img loading=\"lazy\" decoding=\"async\" width=\"336\" height=\"448\" src=\"https:\/\/marcinolszewski.pl\/wp-content\/uploads\/2025\/01\/sedzia.jpg\" alt=\"\" class=\"wp-image-2304\" srcset=\"http:\/\/marcinolszewski.pl\/wp-content\/uploads\/2025\/01\/sedzia.jpg 336w, http:\/\/marcinolszewski.pl\/wp-content\/uploads\/2025\/01\/sedzia-225x300.jpg 225w\" sizes=\"(max-width: 336px) 100vw, 336px\" \/><\/figure>\n\n\n\n<figure class=\"wp-block-pullquote\"><blockquote><p>(ku pami\u0119ci zmar\u0142ego tragicznie pradziadka Antoniego Kanty, w 61 rocznic\u0119 Ob\u0142awy Augustowskiej)<\/p><\/blockquote><\/figure>\n\n\n\n<p class=\"has-text-align-center\">Strza\u0142<br>Powoli opada czarna kurtyna oczu<br>Koniec?<br>Nie!<\/p>\n\n\n\n<p class=\"has-text-align-center\">Jeden podpis, kilkaset istnie\u0144<br>Odejdzie w cie\u0144 zgodnie z prawem likwidacji<br>Masz sumienie samozwa\u0144czy s\u0119dzio, kacie?<br>Czy tylko wykonywa\u0142e\u015b polecenia<\/p>\n\n\n\n<p class=\"has-text-align-center\">I umywasz r\u0119ce jak Poncjusz Pi\u0142at?<\/p>\n\n\n\n<p class=\"has-text-align-center\">Masz dzieci?<br>Ich dzieci bieg\u0142y z p\u0142aczem za nimi<br>Masz oczy?<br>One zapami\u0119taj\u0105 ten widok do ko\u0144ca \u017cycia<\/p>\n\n\n\n<p class=\"has-text-align-center\">Strza\u0142<br>W jego cia\u0142o, nasze dusze i pami\u0119\u0107<br>Masz spokojne sny kacie?<br>Czy ty w og\u00f3le co\u015b masz, do cholery?!<\/p>\n\n\n\n<p class=\"has-text-align-center\">Ostatnie spojrzenie oczu<br>Na wszystko dooko\u0142a, na swoje \u017cycie<br>Ka\u017cdego z nas to kiedy\u015b czeka<br>Pami\u0119taj, \u017ce, my pami\u0119tamy<\/p>\n\n\n\n<p class=\"has-text-align-center\">Poznamy si\u0119 w przej\u015bciu na S\u0105d Ostateczny<br>Poznamy, po krwi na r\u0119kach<br>Ile dusz spojrzy ci w oczy, S\u0119dzio Ostateczny?<br>Zdo\u0142asz policzy\u0107 w Rachunku Sumienia?<\/p>\n","protected":false},"excerpt":{"rendered":"<p>(ku pami\u0119ci zmar\u0142ego tragicznie pradziadka Antoniego Kanty, w 61 rocznic\u0119 Ob\u0142awy Augustowskiej) Strza\u0142Powoli opada czarna kurtyna oczuKoniec?Nie! Jeden podpis, kilkaset istnie\u0144Odejdzie w cie\u0144 zgodnie z prawem likwidacjiMasz sumienie samozwa\u0144czy s\u0119dzio, kacie?Czy tylko wykonywa\u0142e\u015b polecenia I umywasz r\u0119ce jak Poncjusz Pi\u0142at? Masz dzieci?Ich dzieci bieg\u0142y z p\u0142aczem za nimiMasz oczy?One zapami\u0119taj\u0105 ten widok do ko\u0144ca \u017cycia &hellip; <a href=\"http:\/\/marcinolszewski.pl\/index.php\/2021\/01\/14\/sedzia\/\" class=\"more-link\">Czytaj dalej <span class=\"screen-reader-text\">S\u0119dzia<\/span><\/a><\/p>\n","protected":false},"author":1,"featured_media":0,"comment_status":"closed","ping_status":"open","sticky":false,"template":"","format":"standard","meta":{"spay_email":"","footnotes":""},"categories":[4,12],"tags":[],"jetpack_featured_media_url":"","_links":{"self":[{"href":"http:\/\/marcinolszewski.pl\/index.php\/wp-json\/wp\/v2\/posts\/125"}],"collection":[{"href":"http:\/\/marcinolszewski.pl\/index.php\/wp-json\/wp\/v2\/posts"}],"about":[{"href":"http:\/\/marcinolszewski.pl\/index.php\/wp-json\/wp\/v2\/types\/post"}],"author":[{"embeddable":true,"href":"http:\/\/marcinolszewski.pl\/index.php\/wp-json\/wp\/v2\/users\/1"}],"replies":[{"embeddable":true,"href":"http:\/\/marcinolszewski.pl\/index.php\/wp-json\/wp\/v2\/comments?post=125"}],"version-history":[{"count":3,"href":"http:\/\/marcinolszewski.pl\/index.php\/wp-json\/wp\/v2\/posts\/125\/revisions"}],"predecessor-version":[{"id":2305,"href":"http:\/\/marcinolszewski.pl\/index.php\/wp-json\/wp\/v2\/posts\/125\/revisions\/2305"}],"wp:attachment":[{"href":"http:\/\/marcinolszewski.pl\/index.php\/wp-json\/wp\/v2\/media?parent=125"}],"wp:term":[{"taxonomy":"category","embeddable":true,"href":"http:\/\/marcinolszewski.pl\/index.php\/wp-json\/wp\/v2\/categories?post=125"},{"taxonomy":"post_tag","embeddable":true,"href":"http:\/\/marcinolszewski.pl\/index.php\/wp-json\/wp\/v2\/tags?post=125"}],"curies":[{"name":"wp","href":"https:\/\/api.w.org\/{rel}","templated":true}]}}